{"id":22192,"date":"2024-04-12T10:56:16","date_gmt":"2024-04-12T10:56:16","guid":{"rendered":"https:\/\/incm.pt\/site\/?p=22192"},"modified":"2024-04-12T13:23:48","modified_gmt":"2024-04-12T13:23:48","slug":"48-anos-do-diario-da-republica","status":"publish","type":"post","link":"https:\/\/incm.pt\/site\/48-anos-do-diario-da-republica\/","title":{"rendered":"48 Anos do Di\u00e1rio da Rep\u00fablica"},"content":{"rendered":"<p>Os 48 anos do <em>Di\u00e1rio da Rep\u00fablica<\/em> e da publica\u00e7\u00e3o da Constitui\u00e7\u00e3o da Rep\u00fablica Portuguesa foram assinalados, no dia 10 de abril, com uma apresenta\u00e7\u00e3o tem\u00e1tica, intergeracional, na Escola Prim\u00e1ria de Alcorriol, no concelho de Torres Novas.<\/p>\n<p>A apresenta\u00e7\u00e3o, inserida na inaugura\u00e7\u00e3o da exposi\u00e7\u00e3o da campanha \u00abDireitos Humanos consagrados na Constitui\u00e7\u00e3o da Portuguesa\u00bb, da Associa\u00e7\u00e3o para a Promo\u00e7\u00e3o Cultural da Crian\u00e7a (APCC), deu a conhecer o jornal oficial a jovens e seniores.<\/p>\n<p>Esta iniciativa resultou de uma parceria da Responsabilidade Social da Imprensa Nacional-Casa da Moeda (INCM) com a APCC e com a Associa\u00e7\u00e3o Cultural e Recreativa do Alcorriol (ACRA).<\/p>\n<p>A INCM, atrav\u00e9s do <em>Di\u00e1rio da Rep\u00fablica<\/em>, prossegue a sua miss\u00e3o de servi\u00e7o p\u00fablico de garantir o acesso ao Direito por toda a popula\u00e7\u00e3o e, atrav\u00e9s de campanhas de proximidade dirigidas a todos os cidad\u00e3os, procura contribuir ativamente para a literacia jur\u00eddica.<\/p>\n<p>No portal do <em><a href=\"https:\/\/diariodarepublica.pt\/dr\/home\" target=\"_blank\" rel=\"noopener\">Di\u00e1rio da Rep\u00fablica<\/a><\/em> h\u00e1 muito mais do que os atos publicados diariamente, sendo atualmente disponibilizados j\u00e1 mais de 8000 atos consolidados, resumos em linguagem clara, an\u00e1lises jur\u00eddicas e mais de 2000 entradas no <a href=\"https:\/\/diariodarepublica.pt\/dr\/lexionario\" target=\"_blank\" rel=\"noopener\">Lexion\u00e1rio<\/a> que contribuem para a melhor compreens\u00e3o e acesso \u00e0 lei.<\/p>\n","protected":false},"excerpt":{"rendered":"<p>Os 48 anos do Di\u00e1rio da Rep\u00fablica e da publica\u00e7\u00e3o da Constitui\u00e7\u00e3o da Rep\u00fablica Portuguesa foram assinalados, no dia 10 de abril, com uma apresenta\u00e7\u00e3o tem\u00e1tica, intergeracional, na Escola Prim\u00e1ria de Alcorriol, no concelho de Torres Novas. A apresenta\u00e7\u00e3o, inserida na inaugura\u00e7\u00e3o da exposi\u00e7\u00e3o da campanha \u00abDireitos Humanos consagrados na Constitui\u00e7\u00e3o da Portuguesa\u00bb, da Associa\u00e7\u00e3o [&hellip;]<\/p>\n","protected":false},"author":16,"featured_media":22193,"comment_status":"open","ping_status":"open","sticky":false,"template":"","format":"standard","meta":{"_acf_changed":false,"_et_pb_use_builder":"","_et_pb_old_content":"","_et_gb_content_width":"","footnotes":""},"categories":[176],"tags":[],"class_list":["post-22192","post","type-post","status-publish","format-standard","has-post-thumbnail","hentry","category-diario-da-republica"],"acf":[],"_links":{"self":[{"href":"https:\/\/incm.pt\/site\/wp-json\/wp\/v2\/posts\/22192","targetHints":{"allow":["GET"]}}],"collection":[{"href":"https:\/\/incm.pt\/site\/wp-json\/wp\/v2\/posts"}],"about":[{"href":"https:\/\/incm.pt\/site\/wp-json\/wp\/v2\/types\/post"}],"author":[{"embeddable":true,"href":"https:\/\/incm.pt\/site\/wp-json\/wp\/v2\/users\/16"}],"replies":[{"embeddable":true,"href":"https:\/\/incm.pt\/site\/wp-json\/wp\/v2\/comments?post=22192"}],"version-history":[{"count":2,"href":"https:\/\/incm.pt\/site\/wp-json\/wp\/v2\/posts\/22192\/revisions"}],"predecessor-version":[{"id":22205,"href":"https:\/\/incm.pt\/site\/wp-json\/wp\/v2\/posts\/22192\/revisions\/22205"}],"wp:featuredmedia":[{"embeddable":true,"href":"https:\/\/incm.pt\/site\/wp-json\/wp\/v2\/media\/22193"}],"wp:attachment":[{"href":"https:\/\/incm.pt\/site\/wp-json\/wp\/v2\/media?parent=22192"}],"wp:term":[{"taxonomy":"category","embeddable":true,"href":"https:\/\/incm.pt\/site\/wp-json\/wp\/v2\/categories?post=22192"},{"taxonomy":"post_tag","embeddable":true,"href":"https:\/\/incm.pt\/site\/wp-json\/wp\/v2\/tags?post=22192"}],"curies":[{"name":"wp","href":"https:\/\/api.w.org\/{rel}","templated":true}]}}