{"id":21825,"date":"2024-03-15T16:05:30","date_gmt":"2024-03-15T16:05:30","guid":{"rendered":"https:\/\/incm.pt\/site\/?p=21825"},"modified":"2024-03-20T15:26:01","modified_gmt":"2024-03-20T15:26:01","slug":"apresentacao-do-novo-cartao-de-cidadao","status":"publish","type":"post","link":"https:\/\/incm.pt\/site\/apresentacao-do-novo-cartao-de-cidadao\/","title":{"rendered":"Apresenta\u00e7\u00e3o do novo Cart\u00e3o de Cidad\u00e3o"},"content":{"rendered":"<p>O novo Cart\u00e3o de Cidad\u00e3o foi hoje apresentado ao p\u00fablico durante uma sess\u00e3o dedicada \u00e0 \u00abNova Gera\u00e7\u00e3o de Servi\u00e7os P\u00fablicos\u00bb, promovida pela Ag\u00eancia para a Moderniza\u00e7\u00e3o Administrativa (AMA), que teve lugar no Terminal de Cruzeiros de Lisboa.<\/p>\n<p>&#8220;Estamos totalmente na vanguarda tecnol\u00f3gica mundial com este cart\u00e3o\u201d, salientou Dora Moita, Presidente do Conselho de Administra\u00e7\u00e3o da Imprensa-Nacional Casa da Moeda (INCM), que \u00e9 respons\u00e1vel pela produ\u00e7\u00e3o e personaliza\u00e7\u00e3o deste documento de identifica\u00e7\u00e3o para o Instituto dos Registo e do Notariado (IRN), entidade emissora do Cart\u00e3o de Cidad\u00e3o.<\/p>\n<p>A nova gera\u00e7\u00e3o do Cart\u00e3o de Cidad\u00e3o ser\u00e1 ainda mais segura, incorporando um chip de dupla interface com tecnologia <em>contactless<\/em> no verso, que simplifica a leitura da informa\u00e7\u00e3o, al\u00e9m de diversos novos materiais e mais de 30 elementos de seguran\u00e7a. Apresenta tamb\u00e9m uma fotografia de maiores dimens\u00f5es, que permitir\u00e1 identificar melhor o seu titular.<\/p>\n<p>A nova vers\u00e3o do Cart\u00e3o de Cidad\u00e3o come\u00e7a a ser emitida a 10 junho de 2024 e vai proporcionar diversas funcionalidades que simplificam o dia-a-dia das pessoas, podendo ser usado como t\u00edtulo de transporte em todo o pa\u00eds, como bilhete eletr\u00f3nico em espet\u00e1culos ou para se autenticar num servi\u00e7o digital ou presencial, sem necessidade de inserir o cart\u00e3o num leitor.<\/p>\n<p>O <em>design<\/em> do novo documento de identifica\u00e7\u00e3o, da autoria de Henrique Cayatte, \u00e9 tamb\u00e9m diferenciador e evoca s\u00edmbolos da cultura nacional, com motivos e padr\u00f5es inspirados no empedrado art\u00edstico da cal\u00e7ada portuguesa, como o Mar largo.<\/p>\n<p>Durante a sess\u00e3o, que contou com a presen\u00e7a do Secret\u00e1rio de Estado da Digitaliza\u00e7\u00e3o e da Moderniza\u00e7\u00e3o Administrativa, M\u00e1rio Campolargo, e do Secret\u00e1rio de Estado da Presid\u00eancia do Conselho de Ministros, Andr\u00e9 Moz Caldas, foram tamb\u00e9m apresentados o novo modelo de atendimento das Lojas de Cidad\u00e3o e a nova marca Cidad\u00e3o.<\/p>\n<p>Descubra o novo <a href=\"https:\/\/www.youtube.com\/watch?v=kpCF3sodx88\" target=\"_blank\" rel=\"noopener\">Cart\u00e3o de Cidad\u00e3o<\/a>, uma ferramenta essencial para uma cidadania plena.<\/p>\n","protected":false},"excerpt":{"rendered":"<p>O novo Cart\u00e3o de Cidad\u00e3o foi hoje apresentado ao p\u00fablico durante uma sess\u00e3o dedicada \u00e0 \u00abNova Gera\u00e7\u00e3o de Servi\u00e7os P\u00fablicos\u00bb, promovida pela Ag\u00eancia para a Moderniza\u00e7\u00e3o Administrativa (AMA), que teve lugar no Terminal de Cruzeiros de Lisboa. &#8220;Estamos totalmente na vanguarda tecnol\u00f3gica mundial com este cart\u00e3o\u201d, salientou Dora Moita, Presidente do Conselho de Administra\u00e7\u00e3o da [&hellip;]<\/p>\n","protected":false},"author":16,"featured_media":21827,"comment_status":"open","ping_status":"open","sticky":false,"template":"","format":"standard","meta":{"_acf_changed":false,"_et_pb_use_builder":"","_et_pb_old_content":"","_et_gb_content_width":"","footnotes":""},"categories":[216],"tags":[],"class_list":["post-21825","post","type-post","status-publish","format-standard","has-post-thumbnail","hentry","category-identificacao"],"acf":[],"_links":{"self":[{"href":"https:\/\/incm.pt\/site\/wp-json\/wp\/v2\/posts\/21825","targetHints":{"allow":["GET"]}}],"collection":[{"href":"https:\/\/incm.pt\/site\/wp-json\/wp\/v2\/posts"}],"about":[{"href":"https:\/\/incm.pt\/site\/wp-json\/wp\/v2\/types\/post"}],"author":[{"embeddable":true,"href":"https:\/\/incm.pt\/site\/wp-json\/wp\/v2\/users\/16"}],"replies":[{"embeddable":true,"href":"https:\/\/incm.pt\/site\/wp-json\/wp\/v2\/comments?post=21825"}],"version-history":[{"count":2,"href":"https:\/\/incm.pt\/site\/wp-json\/wp\/v2\/posts\/21825\/revisions"}],"predecessor-version":[{"id":21832,"href":"https:\/\/incm.pt\/site\/wp-json\/wp\/v2\/posts\/21825\/revisions\/21832"}],"wp:featuredmedia":[{"embeddable":true,"href":"https:\/\/incm.pt\/site\/wp-json\/wp\/v2\/media\/21827"}],"wp:attachment":[{"href":"https:\/\/incm.pt\/site\/wp-json\/wp\/v2\/media?parent=21825"}],"wp:term":[{"taxonomy":"category","embeddable":true,"href":"https:\/\/incm.pt\/site\/wp-json\/wp\/v2\/categories?post=21825"},{"taxonomy":"post_tag","embeddable":true,"href":"https:\/\/incm.pt\/site\/wp-json\/wp\/v2\/tags?post=21825"}],"curies":[{"name":"wp","href":"https:\/\/api.w.org\/{rel}","templated":true}]}}