{"id":21672,"date":"2024-03-01T15:35:33","date_gmt":"2024-03-01T15:35:33","guid":{"rendered":"https:\/\/incm.pt\/site\/?p=21672"},"modified":"2024-03-01T15:48:21","modified_gmt":"2024-03-01T15:48:21","slug":"alunos-da-escola-secundaria-de-ponte-da-barca-vencem-2-a-edicao-do-premio-diario-da-republica","status":"publish","type":"post","link":"https:\/\/incm.pt\/site\/alunos-da-escola-secundaria-de-ponte-da-barca-vencem-2-a-edicao-do-premio-diario-da-republica\/","title":{"rendered":"Alunos da Escola Secund\u00e1ria de Ponte da Barca vencem 2.\u00aa edi\u00e7\u00e3o do Pr\u00e9mio Di\u00e1rio da Rep\u00fablica"},"content":{"rendered":"<p>[et_pb_section fb_built=&#8221;1&#8243; admin_label=&#8221;section&#8221; _builder_version=&#8221;4.16&#8243; global_colors_info=&#8221;{}&#8221; theme_builder_area=&#8221;post_content&#8221;][et_pb_row admin_label=&#8221;row&#8221; _builder_version=&#8221;4.16&#8243; background_size=&#8221;initial&#8221; background_position=&#8221;top_left&#8221; background_repeat=&#8221;repeat&#8221; global_colors_info=&#8221;{}&#8221; theme_builder_area=&#8221;post_content&#8221;][et_pb_column type=&#8221;4_4&#8243; _builder_version=&#8221;4.16&#8243; custom_padding=&#8221;|||&#8221; global_colors_info=&#8221;{}&#8221; custom_padding__hover=&#8221;|||&#8221; theme_builder_area=&#8221;post_content&#8221;][et_pb_text admin_label=&#8221;Text&#8221; _builder_version=&#8221;4.16&#8243; background_size=&#8221;initial&#8221; background_position=&#8221;top_left&#8221; background_repeat=&#8221;repeat&#8221; custom_padding=&#8221;||0px|||&#8221; global_colors_info=&#8221;{}&#8221; theme_builder_area=&#8221;post_content&#8221;]<\/p>\n<p style=\"margin-bottom: 6.0pt;\">Foram os alunos da Escola Secund\u00e1ria de Ponte da Barca, com o projeto <i><a href=\"https:\/\/www.youtube.com\/watch?v=9kVCv27bjGY&amp;list=UULFKn07PFTf5_5l4cwAkhNDeA&amp;index=16\" target=\"_blank\" rel=\"noopener\">EmBarca Juvenil<\/a><\/i>, os grandes vencedores da 2.\u00aa Edi\u00e7\u00e3o do Pr\u00e9mio Di\u00e1rio da Rep\u00fablica. <i>Pol\u00edticos em Progresso<\/i>, apresentado pelos alunos do Col\u00e9gio Pedro Arrupe, de Lisboa, ficaram em segundo lugar e <i>As alunas do Bairro<\/i><em> da Lei<\/em>, do Agrupamento de Escolas Dr. Serafim Leite, de S\u00e3o Jo\u00e3o da Madeira, arrecadaram o terceiro lugar.<\/p>\n<p style=\"margin-bottom: 6.0pt;\">A cerim\u00f3nia de entrega de Pr\u00e9mios decorreu ontem na Biblioteca da Imprensa Nacional, numa sess\u00e3o marcada pelos trabalhos apresentados pelos jovens, no exerc\u00edcio da sua cidadania ativa. Al\u00e9m do j\u00fari, estiveram presentes na sess\u00e3o o Presidente da Assembleia da Rep\u00fablica, Augusto Santos Silva, o Secret\u00e1rio de Estado da Presid\u00eancia do Conselho de Ministros, Andr\u00e9 Moz Caldas, e o Conselho de Administra\u00e7\u00e3o da Imprensa Nacional-Casa da Moeda (INCM).<o:p><\/o:p><\/p>\n<p style=\"margin-bottom: 6.0pt;\"><i>Leis, C\u00e2mara, A\u00e7\u00e3o: cria o Di\u00e1rio da Rep\u00fablica do futuro<\/i> foi o desafio lan\u00e7ado aos alunos do ensino secund\u00e1rio nesta 2.\u00aa edi\u00e7\u00e3o do Pr\u00e9mio, que consistia na apresenta\u00e7\u00e3o de um v\u00eddeo de at\u00e9 tr\u00eas minutos, onde alunos e professores dessem a conhecer o Di\u00e1rio da Rep\u00fablica de hoje e pensassem o Di\u00e1rio da Rep\u00fablica do futuro.<o:p><\/o:p><\/p>\n<p style=\"margin-bottom: 6.0pt;\">Um desafio que foi reiterado pelo Presidente da Rep\u00fablica, Marcelo Rebelo de Sousa: \u00abespero que respondam com entusiasmo a este desafio que vos \u00e9 lan\u00e7ado. A vossa participa\u00e7\u00e3o \u00e9 essencial e estou certo de que, com as vossas ideias, o Di\u00e1rio da Rep\u00fablica ser\u00e1 ainda melhor!\u00bb. Ao repto responderam 15 equipas de v\u00e1rias escolas do pa\u00eds, envolvendo 215 alunos.<o:p><\/o:p><\/p>\n<p style=\"margin-bottom: 6.0pt;\">O j\u00fari, presidido por Isabel Al\u00e7ada, professora e\u00a0escritora, avaliou as propostas de acordo com crit\u00e9rios de criatividade e originalidade na apresenta\u00e7\u00e3o das respostas, qualidade e grafismo do v\u00eddeo, relev\u00e2ncia e adequa\u00e7\u00e3o ao tema, organiza\u00e7\u00e3o de ideias e sistematiza\u00e7\u00e3o\u00a0e Envolvimento da escola e de outros parceiros da comunidade. Teve ainda em conta o rigor do conte\u00fado e da linguagem.<o:p><\/o:p><\/p>\n<p style=\"margin-bottom: 6.0pt;\">A equipa vencedora, da Escola Secund\u00e1ria de Ponte da Barca, ir\u00e1 agora ter oportunidade de visitar as instala\u00e7\u00f5es dos intervenientes no procedimento legislativo: a Presid\u00eancia do Conselho de Ministros, a Assembleia da Rep\u00fablica, a Presid\u00eancia da Rep\u00fablica e a Imprensa Nacional-Casa da Moeda. As equipas classificadas em 2.\u00ba e 3.\u00ba lugares levaram para casa v\u00e1rios livros com a chancela da editora p\u00fablica, a Imprensa Nacional.<o:p><\/o:p><\/p>\n<p style=\"margin-bottom: 6.0pt;\">De recordar que este concurso \u00e9 uma iniciativa da Unidade do Di\u00e1rio da Rep\u00fablica da INCM, respons\u00e1vel\u00a0pela publica\u00e7\u00e3o do jornal oficial portugu\u00eas, na sequ\u00eancia da sua miss\u00e3o de servi\u00e7o p\u00fablico: contribuir para o acesso ao\u00a0Direito e literacia jur\u00eddica da popula\u00e7\u00e3o.<o:p><\/o:p><\/p>\n<p>[\/et_pb_text][\/et_pb_column][\/et_pb_row][\/et_pb_section]<\/p>\n","protected":false},"excerpt":{"rendered":"<p>Foram os alunos da Escola Secund\u00e1ria de Ponte da Barca, com o projeto EmBarca Juvenil, os grandes vencedores da 2.\u00aa Edi\u00e7\u00e3o do Pr\u00e9mio Di\u00e1rio da Rep\u00fablica. Pol\u00edticos em Progresso, apresentado pelos alunos do Col\u00e9gio Pedro Arrupe, de Lisboa, ficaram em segundo lugar e As alunas do Bairro da Lei, do Agrupamento de Escolas Dr. Serafim [&hellip;]<\/p>\n","protected":false},"author":16,"featured_media":21673,"comment_status":"open","ping_status":"open","sticky":false,"template":"","format":"standard","meta":{"_acf_changed":false,"_et_pb_use_builder":"on","_et_pb_old_content":"<p style=\"margin-bottom: 6.0pt;\">Foram os alunos da Escola Secund\u00e1ria de Ponte da Barca, com o projeto v\u00eddeo <i><a href=\"https:\/\/www.youtube.com\/watch?v=9kVCv27bjGY&list=UULFKn07PFTf5_5l4cwAkhNDeA&index=16\">EmBarca Juvenil<\/a><\/i>, os grandes vencedores da 2.\u00aa Edi\u00e7\u00e3o do Pr\u00e9mio Di\u00e1rio da Rep\u00fablica. <i>Pol\u00edticos em Progresso<\/i>, apresentado pelos alunos do Col\u00e9gio Pedro Arrupe, de Lisboa, ficaram em segundo lugar e <i>As alunas do Bairro<\/i><em> da Lei<\/em>, do Agrupamento de Escolas Dr. Serafim Leite, de S\u00e3o Jo\u00e3o da Madeira, arrecadou o terceiro lugar.<\/p>\r\n<p style=\"margin-bottom: 6.0pt;\">A cerim\u00f3nia de entrega de Pr\u00e9mios decorreu ontem na Biblioteca da Imprensa Nacional, numa sess\u00e3o marcada pelos trabalhos apresentados pelos jovens, no exerc\u00edcio da sua cidadania ativa. Al\u00e9m do j\u00fari, estiveram presentes na sess\u00e3o o Presidente da Assembleia da Rep\u00fablica, Augusto Santos Silva, o Secret\u00e1rio de Estado da Presid\u00eancia do Conselho de Ministros, Andr\u00e9 Moz Caldas, e o Conselho de Administra\u00e7\u00e3o da Imprensa Nacional-Casa da Moeda (INCM).<\/p>\r\n<p style=\"margin-bottom: 6.0pt;\"><i>Leis, C\u00e2mara, A\u00e7\u00e3o: cria o Di\u00e1rio da Rep\u00fablica do futuro<\/i> foi o desafio lan\u00e7ado aos alunos do ensino secund\u00e1rio nesta 2.\u00aa edi\u00e7\u00e3o do Pr\u00e9mio, que consistia na apresenta\u00e7\u00e3o de um v\u00eddeo de at\u00e9 tr\u00eas minutos, onde alunos e professores dessem a conhecer o Di\u00e1rio da Rep\u00fablica de hoje e pensassem o Di\u00e1rio da Rep\u00fablica do futuro.<\/p>\r\n<p style=\"margin-bottom: 6.0pt;\">Um desafio que foi reiterado pelo Presidente da Rep\u00fablica, Marcelo Rebelo de Sousa: \u00abespero que respondam com entusiasmo a este desafio que vos \u00e9 lan\u00e7ado. A vossa participa\u00e7\u00e3o \u00e9 essencial e estou certo de que, com as vossas ideias, o Di\u00e1rio da Rep\u00fablica ser\u00e1 ainda melhor!\u00bb. Ao repto responderam 15 equipas de v\u00e1rias escolas do pa\u00eds, envolvendo 215 alunos.<\/p>\r\n<p style=\"margin-bottom: 6.0pt;\">O j\u00fari, presidido por Isabel Al\u00e7ada, professora e\u00a0escritora, avaliou as propostas de acordo com crit\u00e9rios de criatividade e originalidade na apresenta\u00e7\u00e3o das respostas, qualidade e grafismo do v\u00eddeo, relev\u00e2ncia e adequa\u00e7\u00e3o ao tema, organiza\u00e7\u00e3o de ideias e sistematiza\u00e7\u00e3o\u00a0e Envolvimento da escola e de outros parceiros da comunidade. Teve ainda em conta o rigor do conte\u00fado e da linguagem.<\/p>\r\n<p style=\"margin-bottom: 6.0pt;\">A equipa vencedora, da Escola Secund\u00e1ria de Ponte da Barca, ir\u00e1 agora ter oportunidade de visitar as instala\u00e7\u00f5es dos intervenientes no procedimento legislativo: a Presid\u00eancia do Conselho de Ministros, a Assembleia da Rep\u00fablica, a Presid\u00eancia da Rep\u00fablica e a Imprensa Nacional-Casa da Moeda. As equipas classificadas em 2.\u00aa e 3.\u00ba lugares levaram para casa v\u00e1rios livros com a chancela da editora p\u00fablica, a Imprensa Nacional.<\/p>\r\n<p style=\"margin-bottom: 6.0pt;\">De recordar que este concurso \u00e9 uma iniciativa da Unidade do Di\u00e1rio da Rep\u00fablica da INCM, respons\u00e1vel\u00a0pela publica\u00e7\u00e3o do jornal oficial portugu\u00eas, na sequ\u00eancia da sua miss\u00e3o de servi\u00e7o p\u00fablico: contribuir para o acesso ao\u00a0Direito e literacia jur\u00eddica da popula\u00e7\u00e3o.<\/p>","_et_gb_content_width":"","footnotes":""},"categories":[176],"tags":[],"class_list":["post-21672","post","type-post","status-publish","format-standard","has-post-thumbnail","hentry","category-diario-da-republica"],"acf":[],"_links":{"self":[{"href":"https:\/\/incm.pt\/site\/wp-json\/wp\/v2\/posts\/21672","targetHints":{"allow":["GET"]}}],"collection":[{"href":"https:\/\/incm.pt\/site\/wp-json\/wp\/v2\/posts"}],"about":[{"href":"https:\/\/incm.pt\/site\/wp-json\/wp\/v2\/types\/post"}],"author":[{"embeddable":true,"href":"https:\/\/incm.pt\/site\/wp-json\/wp\/v2\/users\/16"}],"replies":[{"embeddable":true,"href":"https:\/\/incm.pt\/site\/wp-json\/wp\/v2\/comments?post=21672"}],"version-history":[{"count":5,"href":"https:\/\/incm.pt\/site\/wp-json\/wp\/v2\/posts\/21672\/revisions"}],"predecessor-version":[{"id":21681,"href":"https:\/\/incm.pt\/site\/wp-json\/wp\/v2\/posts\/21672\/revisions\/21681"}],"wp:featuredmedia":[{"embeddable":true,"href":"https:\/\/incm.pt\/site\/wp-json\/wp\/v2\/media\/21673"}],"wp:attachment":[{"href":"https:\/\/incm.pt\/site\/wp-json\/wp\/v2\/media?parent=21672"}],"wp:term":[{"taxonomy":"category","embeddable":true,"href":"https:\/\/incm.pt\/site\/wp-json\/wp\/v2\/categories?post=21672"},{"taxonomy":"post_tag","embeddable":true,"href":"https:\/\/incm.pt\/site\/wp-json\/wp\/v2\/tags?post=21672"}],"curies":[{"name":"wp","href":"https:\/\/api.w.org\/{rel}","templated":true}]}}