{"id":21664,"date":"2024-03-01T14:28:33","date_gmt":"2024-03-01T14:28:33","guid":{"rendered":"https:\/\/incm.pt\/site\/?p=21664"},"modified":"2024-03-01T14:31:40","modified_gmt":"2024-03-01T14:31:40","slug":"solidariedade-e-voluntariado-marcam-a-responsabilidade-social-da-incm-no-inicio-de-2024","status":"publish","type":"post","link":"https:\/\/incm.pt\/site\/solidariedade-e-voluntariado-marcam-a-responsabilidade-social-da-incm-no-inicio-de-2024\/","title":{"rendered":"Solidariedade e voluntariado marcam a Responsabilidade Social da INCM no in\u00edcio de 2024"},"content":{"rendered":"<p>A Biblioteca da Imprensa Nacional acolheu, no dia 30 de janeiro, a 1.\u00aa reuni\u00e3o do Cluster de Cidadania e Voluntariado do <a href=\"https:\/\/grace.pt\/\" target=\"_blank\" rel=\"noopener\">GRACE &#8211; Empresas Respons\u00e1veis<\/a>, para apresenta\u00e7\u00e3o do Plano de A\u00e7\u00e3o para 2024.<\/p>\n<p>Note-se que a INCM \u00e9 membro do GRACE, integrando a respetiva dire\u00e7\u00e3o e coordenando o Cluster de Cidadania e Voluntariado, o qual \u00e9 constitu\u00eddo por 29 associados.<\/p>\n<p>Ainda no \u00e2mbito do voluntariado, tivemos recentemente a nossa primeira a\u00e7\u00e3o simult\u00e2nea, nos edif\u00edcios da Casa da Moeda, da Imprensa Nacional e da Contrastaria do Porto, no decorrer da nossa campanha solid\u00e1ria de recolha e entrega de roupa, com a participa\u00e7\u00e3o de 16 volunt\u00e1rios, que realizaram a triagem e distribui\u00e7\u00e3o do vestu\u00e1rio doado \u00e0 Associa\u00e7\u00e3o Novo Futuro, \u00e0 AMI e \u00e0 Funda\u00e7\u00e3o do Gil.<\/p>\n<p>Al\u00e9m de roupa, conseguimos tamb\u00e9m doar 5 caixas de papel resultante de um excedente da Unidade Gr\u00e1fica de Seguran\u00e7a ao Liceu D. Filipa de Lencastre e \u00e0 Funda\u00e7\u00e3o Liga, 8 cadeiras de escrit\u00f3rio \u00e0 CAIS, 50 cart\u00f5es D\u00c1 \u00e0 ACREDITAR e 110 mantas, que resultaram da reciclagem das antigas fardas INCM, ao Banco do Beb\u00e9 e \u00e0 Funda\u00e7\u00e3o do Gil.<\/p>\n<p>Enquadradas tamb\u00e9m pela <a href=\"https:\/\/incm.pt\/site\/responsabilidade-social\/\">Responsabilidade Social da INCM<\/a>, foram disponibilizadas 4 a\u00e7\u00f5es na nossa Bolsa de Voluntariado, cujas associa\u00e7\u00f5es promotoras foram a ACREDITAR, a Make-A-Wish e a APCC, nas quais participaram 18 volunt\u00e1rios.<\/p>\n","protected":false},"excerpt":{"rendered":"<p>A Biblioteca da Imprensa Nacional acolheu, no dia 30 de janeiro, a 1.\u00aa reuni\u00e3o do Cluster de Cidadania e Voluntariado do GRACE &#8211; Empresas Respons\u00e1veis, para apresenta\u00e7\u00e3o do Plano de A\u00e7\u00e3o para 2024. Note-se que a INCM \u00e9 membro do GRACE, integrando a respetiva dire\u00e7\u00e3o e coordenando o Cluster de Cidadania e Voluntariado, o qual [&hellip;]<\/p>\n","protected":false},"author":16,"featured_media":21665,"comment_status":"open","ping_status":"open","sticky":false,"template":"","format":"standard","meta":{"_acf_changed":false,"_et_pb_use_builder":"","_et_pb_old_content":"","_et_gb_content_width":"","footnotes":""},"categories":[191],"tags":[],"class_list":["post-21664","post","type-post","status-publish","format-standard","has-post-thumbnail","hentry","category-responsabilidade-social"],"acf":[],"_links":{"self":[{"href":"https:\/\/incm.pt\/site\/wp-json\/wp\/v2\/posts\/21664","targetHints":{"allow":["GET"]}}],"collection":[{"href":"https:\/\/incm.pt\/site\/wp-json\/wp\/v2\/posts"}],"about":[{"href":"https:\/\/incm.pt\/site\/wp-json\/wp\/v2\/types\/post"}],"author":[{"embeddable":true,"href":"https:\/\/incm.pt\/site\/wp-json\/wp\/v2\/users\/16"}],"replies":[{"embeddable":true,"href":"https:\/\/incm.pt\/site\/wp-json\/wp\/v2\/comments?post=21664"}],"version-history":[{"count":2,"href":"https:\/\/incm.pt\/site\/wp-json\/wp\/v2\/posts\/21664\/revisions"}],"predecessor-version":[{"id":21670,"href":"https:\/\/incm.pt\/site\/wp-json\/wp\/v2\/posts\/21664\/revisions\/21670"}],"wp:featuredmedia":[{"embeddable":true,"href":"https:\/\/incm.pt\/site\/wp-json\/wp\/v2\/media\/21665"}],"wp:attachment":[{"href":"https:\/\/incm.pt\/site\/wp-json\/wp\/v2\/media?parent=21664"}],"wp:term":[{"taxonomy":"category","embeddable":true,"href":"https:\/\/incm.pt\/site\/wp-json\/wp\/v2\/categories?post=21664"},{"taxonomy":"post_tag","embeddable":true,"href":"https:\/\/incm.pt\/site\/wp-json\/wp\/v2\/tags?post=21664"}],"curies":[{"name":"wp","href":"https:\/\/api.w.org\/{rel}","templated":true}]}}