{"id":21613,"date":"2024-02-28T10:21:28","date_gmt":"2024-02-28T10:21:28","guid":{"rendered":"https:\/\/incm.pt\/site\/?p=21613"},"modified":"2024-02-28T11:05:21","modified_gmt":"2024-02-28T11:05:21","slug":"diario-da-republica-lanca-serie-de-videos-a-proposito-das-eleicoes-legislativas","status":"publish","type":"post","link":"https:\/\/incm.pt\/site\/diario-da-republica-lanca-serie-de-videos-a-proposito-das-eleicoes-legislativas\/","title":{"rendered":"Di\u00e1rio da Rep\u00fablica lan\u00e7a s\u00e9rie de v\u00eddeos a prop\u00f3sito das Elei\u00e7\u00f5es Legislativas"},"content":{"rendered":"<p>A s\u00e9rie de v\u00eddeos curtos guia os cidad\u00e3os atrav\u00e9s de diferentes artigos da Lei Eleitoral para a Assembleia da Rep\u00fablica, explicando mitos e revelando curiosidades:<\/p>\n<p><em>Quem marca as elei\u00e7\u00f5es? Quantos deputados s\u00e3o eleitos para a Assembleia? E se estiver a trabalhar no dia da elei\u00e7\u00e3o, o que \u00e9 que acontece? Como \u00e9 que os cidad\u00e3os eleitores com defici\u00eancia visual votam? Posso votar se n\u00e3o tiver o cart\u00e3o de cidad\u00e3o? Quem \u00e9 que imprime os boletins de voto?<\/em><\/p>\n<p>O Di\u00e1rio da Rep\u00fablica desenvolveu uma s\u00e9rie de 5 v\u00eddeos, iniciativa que se enquadra na miss\u00e3o de servi\u00e7o p\u00fablico do jornal oficial de contribuir para o acesso ao Direito por toda a popula\u00e7\u00e3o.<\/p>\n<p>Os v\u00eddeos <em>vox pop<\/em>, em formato de pergunta seguida de v\u00e1rias respostas, reconduzem cada tema \u00e0 solu\u00e7\u00e3o prevista no respetivo artigo da Lei Eleitoral para a Assembleia da Rep\u00fablica, tornando esta lei mais compreens\u00edvel e pr\u00f3xima das pessoas.<\/p>\n<p>O primeiro v\u00eddeo j\u00e1 est\u00e1 dispon\u00edvel no <a href=\"https:\/\/www.youtube.com\/@DiarioRepublicaPT\" target=\"_blank\" rel=\"noopener\">canal do Di\u00e1rio da Rep\u00fablica no YouTube<\/a>.<\/p>\n<p>Esta a\u00e7\u00e3o, que conta com o apoio da Comiss\u00e3o Nacional de Elei\u00e7\u00f5es, faz parte do plano de iniciativas da Imprensa Nacional-Casa da Moeda, enquadradas no eixo da proximidade do jornal oficial a todos os cidad\u00e3os.<\/p>\n<p>O Di\u00e1rio da Rep\u00fablica \u00a0prossegue, assim, a sua atividade na promo\u00e7\u00e3o da literacia jur\u00eddica, tornando a informa\u00e7\u00e3o jur\u00eddica mais compreens\u00edvel e facilmente apreens\u00edvel por todos.<\/p>\n<p>Acompanhe o Di\u00e1rio da Rep\u00fablica nas redes sociais <a href=\"https:\/\/www.instagram.com\/diariorepublica\/\" target=\"_blank\" rel=\"noopener\">Instagram<\/a>, <a href=\"https:\/\/www.linkedin.com\/showcase\/81692977\" target=\"_blank\" rel=\"noopener\">LinkedIn<\/a>, <a href=\"https:\/\/www.facebook.com\/DiarioRepublicaPT\/\" target=\"_blank\" rel=\"noopener\">Facebook<\/a> e <a href=\"https:\/\/twitter.com\/diariorepublica\" target=\"_blank\" rel=\"noopener\">X<\/a>\u00a0e fique a par das novidades.<\/p>\n","protected":false},"excerpt":{"rendered":"<p>A s\u00e9rie de v\u00eddeos curtos guia os cidad\u00e3os atrav\u00e9s de diferentes artigos da Lei Eleitoral para a Assembleia da Rep\u00fablica, explicando mitos e revelando curiosidades: Quem marca as elei\u00e7\u00f5es? Quantos deputados s\u00e3o eleitos para a Assembleia? E se estiver a trabalhar no dia da elei\u00e7\u00e3o, o que \u00e9 que acontece? Como \u00e9 que os cidad\u00e3os [&hellip;]<\/p>\n","protected":false},"author":16,"featured_media":21614,"comment_status":"open","ping_status":"open","sticky":false,"template":"","format":"standard","meta":{"_acf_changed":false,"_et_pb_use_builder":"","_et_pb_old_content":"","_et_gb_content_width":"","footnotes":""},"categories":[176],"tags":[],"class_list":["post-21613","post","type-post","status-publish","format-standard","has-post-thumbnail","hentry","category-diario-da-republica"],"acf":[],"_links":{"self":[{"href":"https:\/\/incm.pt\/site\/wp-json\/wp\/v2\/posts\/21613","targetHints":{"allow":["GET"]}}],"collection":[{"href":"https:\/\/incm.pt\/site\/wp-json\/wp\/v2\/posts"}],"about":[{"href":"https:\/\/incm.pt\/site\/wp-json\/wp\/v2\/types\/post"}],"author":[{"embeddable":true,"href":"https:\/\/incm.pt\/site\/wp-json\/wp\/v2\/users\/16"}],"replies":[{"embeddable":true,"href":"https:\/\/incm.pt\/site\/wp-json\/wp\/v2\/comments?post=21613"}],"version-history":[{"count":2,"href":"https:\/\/incm.pt\/site\/wp-json\/wp\/v2\/posts\/21613\/revisions"}],"predecessor-version":[{"id":21619,"href":"https:\/\/incm.pt\/site\/wp-json\/wp\/v2\/posts\/21613\/revisions\/21619"}],"wp:featuredmedia":[{"embeddable":true,"href":"https:\/\/incm.pt\/site\/wp-json\/wp\/v2\/media\/21614"}],"wp:attachment":[{"href":"https:\/\/incm.pt\/site\/wp-json\/wp\/v2\/media?parent=21613"}],"wp:term":[{"taxonomy":"category","embeddable":true,"href":"https:\/\/incm.pt\/site\/wp-json\/wp\/v2\/categories?post=21613"},{"taxonomy":"post_tag","embeddable":true,"href":"https:\/\/incm.pt\/site\/wp-json\/wp\/v2\/tags?post=21613"}],"curies":[{"name":"wp","href":"https:\/\/api.w.org\/{rel}","templated":true}]}}