{"id":21195,"date":"2024-02-01T12:35:08","date_gmt":"2024-02-01T12:35:08","guid":{"rendered":"https:\/\/incm.pt\/site\/?p=21195"},"modified":"2024-02-01T14:45:16","modified_gmt":"2024-02-01T14:45:16","slug":"rita-taborda-duarte-vence-17-a-edicao-do-premio-literario-fundacao-ines-de-castro-pela-obra-nao-desfazendo","status":"publish","type":"post","link":"https:\/\/incm.pt\/site\/rita-taborda-duarte-vence-17-a-edicao-do-premio-literario-fundacao-ines-de-castro-pela-obra-nao-desfazendo\/","title":{"rendered":"Rita Taborda Duarte vence 17.\u00aa edi\u00e7\u00e3o do Pr\u00e9mio Liter\u00e1rio Funda\u00e7\u00e3o In\u00eas de Castro pela obra \u00abN\u00e3o Desfazendo\u00bb"},"content":{"rendered":"<p>Rita Taborda Duarte \u00e9 a vencedora do Pr\u00e9mio Liter\u00e1rio Funda\u00e7\u00e3o In\u00eas de Castro 2023<strong>, <\/strong>um galard\u00e3o anual que distingue obras de prosa ou poesia escritas em l\u00edngua portuguesa, pela obra<em> N\u00e3o Desfazendo<\/em>, editada em 2023 pela Imprensa Nacional.<\/p>\n<p>Poeta, professora do ensino superior e autora de livros para a inf\u00e2ncia, Rita Taborda Duarte (n.1973) escreve regularmente sobre poesia e ensaio, nas mais diversas publica\u00e7\u00f5es. Em 1998, publica o seu primeiro livro de poesia, <em>Po\u00e9tica Breve<\/em>, pela Black Sun Editores, a que se seguiram outros dois: <em>Na estranha Casa de um Outro<\/em> e<em> Dos Sentidos das Coisas<\/em>. Em 2003, vence o pr\u00e9mio Branquinho da Fonseca Expresso-Gulbenkian com o livro <em>A Verdadeira Hist\u00f3ria da Alice<\/em>. A partir da\u00ed, tem escrito com regularidade para crian\u00e7as e jovens, contando com uma dezena de obras publicadas. Em 2015 publica o livro de poesia <em>Roturas e Ligamentos<\/em> (Abysmo) em parceria com Andr\u00e9 da Loba (ilustra\u00e7\u00f5es). O livro <em>As Orelhas de Karenin<\/em> (Abysmo, 2019) foi finalista do pr\u00e9mio SPA autores e do pr\u00e9mio Casino da P\u00f3voa-Correntes de Escrita na categoria de poesia. Em 2023, re\u00fane os 25 anos da sua obra po\u00e9tica no volume <em>N\u00e3o Desfazendo<\/em>, que conta tamb\u00e9m com um livro in\u00e9dito, <em>Uma Pedra na Boca<\/em>.<\/p>\n<p>A obra vencedora faz parte da Plural, uma cole\u00e7\u00e3o da Imprensa Nacional exclusivamente dedicada \u00e0 Poesia em l\u00edngua portuguesa, onde, al\u00e9m de autores consagrados do mundo da lusofonia, t\u00eam sido tamb\u00e9m publicados trabalhos de autores novos e emergentes, designadamente os vencedores do Pr\u00e9mio Imprensa Nacional\/Vasco Gra\u00e7a Moura no dom\u00ednio da Poesia.<\/p>\n<p>O j\u00fari do Pr\u00e9mio Liter\u00e1rio Funda\u00e7\u00e3o In\u00eas de Castro, composto por <strong>I<\/strong>sabel Pires de Lima, Isabel Lucas, M\u00e1rio Cl\u00e1udio e Ant\u00f3nio Carlos Cortez e presidido por Jos\u00e9 Carlos Seabra Pereira, distinguiu tamb\u00e9m o escritor A.M. Pires Cabral, com o Pr\u00e9mio de Tributo Consagra\u00e7\u00e3o Funda\u00e7\u00e3o In\u00eas de Castro 2023.<\/p>\n<p>Ao longo dos anos, o <a href=\"https:\/\/fundacaoinesdecastro.com\/premio-literario-fundacao-ines-de-castro\/\" target=\"_blank\" rel=\"noopener\">P<\/a><a href=\"https:\/\/fundacaoinesdecastro.com\/premio-literario-fundacao-ines-de-castro\/\" target=\"_blank\" rel=\"noopener\">r\u00e9mio Liter\u00e1rio Funda\u00e7\u00e3o In\u00eas de Castro<\/a> tem distinguido autores e obras de reconhecido valor, como Pedro Tamen (2007), Jos\u00e9 Tolentino Mendon\u00e7a (2009), H\u00e9lia Correia (2010), Gon\u00e7alo M. Tavares (2011), M\u00e1rio de Carvalho (2013), Rui Lage (2016), Rosa Oliveira (2017), Djaimilia Pereira de Almeida (2018), Andreia C. Faria (2019), Daniel Jonas (2021) ou Ant\u00f3nio Lobo Antunes (2022).<\/p>\n<p>A cerim\u00f3nia oficial de entrega destes pr\u00e9mios realiza-se no dia 23 de mar\u00e7o, pelas 16h00, na Quinta das L\u00e1grimas, em Coimbra.<\/p>\n","protected":false},"excerpt":{"rendered":"<p>Rita Taborda Duarte \u00e9 a vencedora do Pr\u00e9mio Liter\u00e1rio Funda\u00e7\u00e3o In\u00eas de Castro 2023, um galard\u00e3o anual que distingue obras de prosa ou poesia escritas em l\u00edngua portuguesa, pela obra N\u00e3o Desfazendo, editada em 2023 pela Imprensa Nacional. Poeta, professora do ensino superior e autora de livros para a inf\u00e2ncia, Rita Taborda Duarte (n.1973) escreve [&hellip;]<\/p>\n","protected":false},"author":16,"featured_media":21196,"comment_status":"open","ping_status":"open","sticky":false,"template":"","format":"standard","meta":{"_acf_changed":false,"_et_pb_use_builder":"","_et_pb_old_content":"","_et_gb_content_width":"","footnotes":""},"categories":[26],"tags":[],"class_list":["post-21195","post","type-post","status-publish","format-standard","has-post-thumbnail","hentry","category-cultura"],"acf":[],"_links":{"self":[{"href":"https:\/\/incm.pt\/site\/wp-json\/wp\/v2\/posts\/21195","targetHints":{"allow":["GET"]}}],"collection":[{"href":"https:\/\/incm.pt\/site\/wp-json\/wp\/v2\/posts"}],"about":[{"href":"https:\/\/incm.pt\/site\/wp-json\/wp\/v2\/types\/post"}],"author":[{"embeddable":true,"href":"https:\/\/incm.pt\/site\/wp-json\/wp\/v2\/users\/16"}],"replies":[{"embeddable":true,"href":"https:\/\/incm.pt\/site\/wp-json\/wp\/v2\/comments?post=21195"}],"version-history":[{"count":1,"href":"https:\/\/incm.pt\/site\/wp-json\/wp\/v2\/posts\/21195\/revisions"}],"predecessor-version":[{"id":21200,"href":"https:\/\/incm.pt\/site\/wp-json\/wp\/v2\/posts\/21195\/revisions\/21200"}],"wp:featuredmedia":[{"embeddable":true,"href":"https:\/\/incm.pt\/site\/wp-json\/wp\/v2\/media\/21196"}],"wp:attachment":[{"href":"https:\/\/incm.pt\/site\/wp-json\/wp\/v2\/media?parent=21195"}],"wp:term":[{"taxonomy":"category","embeddable":true,"href":"https:\/\/incm.pt\/site\/wp-json\/wp\/v2\/categories?post=21195"},{"taxonomy":"post_tag","embeddable":true,"href":"https:\/\/incm.pt\/site\/wp-json\/wp\/v2\/tags?post=21195"}],"curies":[{"name":"wp","href":"https:\/\/api.w.org\/{rel}","templated":true}]}}