{"id":20506,"date":"2024-01-12T10:21:03","date_gmt":"2024-01-12T10:21:03","guid":{"rendered":"https:\/\/incm.pt\/site\/?p=20506"},"modified":"2024-01-12T10:21:03","modified_gmt":"2024-01-12T10:21:03","slug":"diario-da-republica-passa-a-estar-preservado-no-arquivo-digital-nacional","status":"publish","type":"post","link":"https:\/\/incm.pt\/site\/diario-da-republica-passa-a-estar-preservado-no-arquivo-digital-nacional\/","title":{"rendered":"Di\u00e1rio da Rep\u00fablica passa a estar preservado no arquivo digital nacional"},"content":{"rendered":"<p>A Dire\u00e7\u00e3o-Geral do Livro, dos Arquivos e das Bibliotecas (DGLAB) e a Imprensa Nacional-Casa da Moeda, S.A. (INCM) procederam \u00e0 integra\u00e7\u00e3o do sistema de dep\u00f3sito e de arquivo dos documentos eletr\u00f3nicos que titulam os atos publicados em <em>Di\u00e1rio da Rep\u00fablica<\/em> no Reposit\u00f3rio de Objetos Digitais Aut\u00eanticos (RODA).<\/p>\n<p>O RODA \u00e9 o arquivo nacional digital com capacidade de integrar, gerir e disseminar os objetos digitais produzidos pela Administra\u00e7\u00e3o P\u00fablica para preservar a informa\u00e7\u00e3o digital para mem\u00f3ria futura.<\/p>\n<p>A concretiza\u00e7\u00e3o desta medida efetiva a preserva\u00e7\u00e3o a longo termo dos suportes eletr\u00f3nicos dos atos publicados em <em>Di\u00e1rio da Rep\u00fablica<\/em>, no \u00e2mbito do exerc\u00edcio da atividade de servi\u00e7o p\u00fablico de edi\u00e7\u00e3o do jornal oficial a que a INCM se encontra adstrita.<\/p>\n<p>Este projeto foi concretizado atrav\u00e9s de uma rela\u00e7\u00e3o de coopera\u00e7\u00e3o entre a INCM e a DGLAB, no \u00e2mbito do servi\u00e7o p\u00fablico que prosseguem e que apresenta uma conex\u00e3o relevante entre si, contribuindo, reciprocamente, para a realiza\u00e7\u00e3o da respetiva miss\u00e3o.<\/p>\n","protected":false},"excerpt":{"rendered":"<p>A Dire\u00e7\u00e3o-Geral do Livro, dos Arquivos e das Bibliotecas (DGLAB) e a Imprensa Nacional-Casa da Moeda, S.A. (INCM) procederam \u00e0 integra\u00e7\u00e3o do sistema de dep\u00f3sito e de arquivo dos documentos eletr\u00f3nicos que titulam os atos publicados em Di\u00e1rio da Rep\u00fablica no Reposit\u00f3rio de Objetos Digitais Aut\u00eanticos (RODA). O RODA \u00e9 o arquivo nacional digital com [&hellip;]<\/p>\n","protected":false},"author":16,"featured_media":20507,"comment_status":"open","ping_status":"open","sticky":false,"template":"","format":"standard","meta":{"_acf_changed":false,"_et_pb_use_builder":"","_et_pb_old_content":"","_et_gb_content_width":"","footnotes":""},"categories":[176],"tags":[],"class_list":["post-20506","post","type-post","status-publish","format-standard","has-post-thumbnail","hentry","category-diario-da-republica"],"acf":[],"_links":{"self":[{"href":"https:\/\/incm.pt\/site\/wp-json\/wp\/v2\/posts\/20506","targetHints":{"allow":["GET"]}}],"collection":[{"href":"https:\/\/incm.pt\/site\/wp-json\/wp\/v2\/posts"}],"about":[{"href":"https:\/\/incm.pt\/site\/wp-json\/wp\/v2\/types\/post"}],"author":[{"embeddable":true,"href":"https:\/\/incm.pt\/site\/wp-json\/wp\/v2\/users\/16"}],"replies":[{"embeddable":true,"href":"https:\/\/incm.pt\/site\/wp-json\/wp\/v2\/comments?post=20506"}],"version-history":[{"count":1,"href":"https:\/\/incm.pt\/site\/wp-json\/wp\/v2\/posts\/20506\/revisions"}],"predecessor-version":[{"id":20511,"href":"https:\/\/incm.pt\/site\/wp-json\/wp\/v2\/posts\/20506\/revisions\/20511"}],"wp:featuredmedia":[{"embeddable":true,"href":"https:\/\/incm.pt\/site\/wp-json\/wp\/v2\/media\/20507"}],"wp:attachment":[{"href":"https:\/\/incm.pt\/site\/wp-json\/wp\/v2\/media?parent=20506"}],"wp:term":[{"taxonomy":"category","embeddable":true,"href":"https:\/\/incm.pt\/site\/wp-json\/wp\/v2\/categories?post=20506"},{"taxonomy":"post_tag","embeddable":true,"href":"https:\/\/incm.pt\/site\/wp-json\/wp\/v2\/tags?post=20506"}],"curies":[{"name":"wp","href":"https:\/\/api.w.org\/{rel}","templated":true}]}}