{"id":20484,"date":"2024-01-10T13:25:07","date_gmt":"2024-01-10T13:25:07","guid":{"rendered":"https:\/\/incm.pt\/site\/?p=20484"},"modified":"2024-01-10T13:25:07","modified_gmt":"2024-01-10T13:25:07","slug":"premio-imprensa-nacional-vasco-graca-moura-sem-vencedor-em-2023","status":"publish","type":"post","link":"https:\/\/incm.pt\/site\/premio-imprensa-nacional-vasco-graca-moura-sem-vencedor-em-2023\/","title":{"rendered":"Pr\u00e9mio Imprensa Nacional\/Vasco Gra\u00e7a Moura sem vencedor em 2023"},"content":{"rendered":"<p>Na edi\u00e7\u00e3o de 2023 do Pr\u00e9mio Imprensa Nacional\/Vasco Gra\u00e7a Moura o galard\u00e3o n\u00e3o foi atribu\u00eddo. Depois de avaliadas as 62 candidaturas rececionadas, o j\u00fari, presidido por Pedro Mexia, entendeu que as obras a concurso n\u00e3o correspondem aos par\u00e2metros exigidos pelo Pr\u00e9mio.<\/p>\n<p>De recordar que a Imprensa Nacional-Casa da Moeda (INCM) criou este pr\u00e9mio com o objetivo de distinguir, rotativamente, trabalhos in\u00e9ditos nas \u00e1reas de atua\u00e7\u00e3o onde Vasco Gra\u00e7a Moura se destacou, nomeadamente, na Poesia, no Ensaio (no dom\u00ednio das Humanidades) e na Tradu\u00e7\u00e3o (obras no dom\u00ednio p\u00fablico). Em 2023 estiveram a concurso trabalhos na \u00e1rea da Tradu\u00e7\u00e3o.<\/p>\n<p>O galard\u00e3o, de periodicidade anual, voltar\u00e1 a abrir candidaturas em 2024, em data a anunciar, para trabalhos no dom\u00ednio da Poesia.<\/p>\n","protected":false},"excerpt":{"rendered":"<p>Na edi\u00e7\u00e3o de 2023 do Pr\u00e9mio Imprensa Nacional\/Vasco Gra\u00e7a Moura o galard\u00e3o n\u00e3o foi atribu\u00eddo. Depois de avaliadas as 62 candidaturas rececionadas, o j\u00fari, presidido por Pedro Mexia, entendeu que as obras a concurso n\u00e3o correspondem aos par\u00e2metros exigidos pelo Pr\u00e9mio. De recordar que a Imprensa Nacional-Casa da Moeda (INCM) criou este pr\u00e9mio com o [&hellip;]<\/p>\n","protected":false},"author":16,"featured_media":20483,"comment_status":"open","ping_status":"open","sticky":false,"template":"","format":"standard","meta":{"_acf_changed":false,"_et_pb_use_builder":"","_et_pb_old_content":"","_et_gb_content_width":"","footnotes":""},"categories":[26],"tags":[],"class_list":["post-20484","post","type-post","status-publish","format-standard","has-post-thumbnail","hentry","category-cultura"],"acf":[],"_links":{"self":[{"href":"https:\/\/incm.pt\/site\/wp-json\/wp\/v2\/posts\/20484","targetHints":{"allow":["GET"]}}],"collection":[{"href":"https:\/\/incm.pt\/site\/wp-json\/wp\/v2\/posts"}],"about":[{"href":"https:\/\/incm.pt\/site\/wp-json\/wp\/v2\/types\/post"}],"author":[{"embeddable":true,"href":"https:\/\/incm.pt\/site\/wp-json\/wp\/v2\/users\/16"}],"replies":[{"embeddable":true,"href":"https:\/\/incm.pt\/site\/wp-json\/wp\/v2\/comments?post=20484"}],"version-history":[{"count":1,"href":"https:\/\/incm.pt\/site\/wp-json\/wp\/v2\/posts\/20484\/revisions"}],"predecessor-version":[{"id":20485,"href":"https:\/\/incm.pt\/site\/wp-json\/wp\/v2\/posts\/20484\/revisions\/20485"}],"wp:featuredmedia":[{"embeddable":true,"href":"https:\/\/incm.pt\/site\/wp-json\/wp\/v2\/media\/20483"}],"wp:attachment":[{"href":"https:\/\/incm.pt\/site\/wp-json\/wp\/v2\/media?parent=20484"}],"wp:term":[{"taxonomy":"category","embeddable":true,"href":"https:\/\/incm.pt\/site\/wp-json\/wp\/v2\/categories?post=20484"},{"taxonomy":"post_tag","embeddable":true,"href":"https:\/\/incm.pt\/site\/wp-json\/wp\/v2\/tags?post=20484"}],"curies":[{"name":"wp","href":"https:\/\/api.w.org\/{rel}","templated":true}]}}