{"id":20333,"date":"2023-12-28T10:25:00","date_gmt":"2023-12-28T10:25:00","guid":{"rendered":"https:\/\/incm.pt\/site\/?p=20333"},"modified":"2023-12-28T10:25:00","modified_gmt":"2023-12-28T10:25:00","slug":"prolongado-prazo-candidaturas-premio-jornalismo-vicente-jorge-silva","status":"publish","type":"post","link":"https:\/\/incm.pt\/site\/prolongado-prazo-candidaturas-premio-jornalismo-vicente-jorge-silva\/","title":{"rendered":"Pr\u00e9mio Jornalismo de Excel\u00eancia Vicente Jorge Silva: prazo para candidaturas prolongado at\u00e9 15 de janeiro"},"content":{"rendered":"<p>A Imprensa Nacional-Casa da Moeda (INCM) e o Clube de Jornalistas decidiram prorrogar o prazo de envio das candidaturas \u00e0 3.\u00aa edi\u00e7\u00e3o do Pr\u00e9mio Jornalismo de Excel\u00eancia Vicente Jorge Silva at\u00e9 ao dia 15 de janeiro de 2024.<\/p>\n<p>O concurso, promovido pela INCM, em parceria com o Clube de Jornalistas, destina-se a premiar trabalhos, de grande qualidade, que reforcem os diferentes estilos jornal\u00edsticos da imprensa, seja atrav\u00e9s da investiga\u00e7\u00e3o, da reportagem ou da an\u00e1lise. Este pr\u00e9mio\u00a0atribui anualmente uma bolsa para investiga\u00e7\u00e3o jornal\u00edstica no valor de 5.000 euros.<\/p>\n<p>As candidaturas decorrem exclusivamente\u00a0online, atrav\u00e9s da respetiva\u00a0p\u00e1gina de candidatura, dispon\u00edvel em <a href=\"https:\/\/premiovicentejorgesilva.pt\/\" target=\"_blank\" rel=\"noopener\">premiovicentejorgesilva.pt<\/a><\/p>\n<p>Se \u00e9 um profissional de jornalismo (titular de carteira profissional, cart\u00e3o equiparado a jornalista, cart\u00e3o de correspondente estrangeiro ou t\u00edtulo provis\u00f3rio de estagi\u00e1rio, nacional ou internacional), esta \u00e9 a sua oportunidade de ver o seu trabalho distinguido.<\/p>\n","protected":false},"excerpt":{"rendered":"<p>A Imprensa Nacional-Casa da Moeda (INCM) e o Clube de Jornalistas decidiram prorrogar o prazo de envio das candidaturas \u00e0 3.\u00aa edi\u00e7\u00e3o do Pr\u00e9mio Jornalismo de Excel\u00eancia Vicente Jorge Silva at\u00e9 ao dia 15 de janeiro de 2024. O concurso, promovido pela INCM, em parceria com o Clube de Jornalistas, destina-se a premiar trabalhos, de [&hellip;]<\/p>\n","protected":false},"author":16,"featured_media":20334,"comment_status":"open","ping_status":"open","sticky":false,"template":"","format":"standard","meta":{"_acf_changed":false,"_et_pb_use_builder":"","_et_pb_old_content":"","_et_gb_content_width":"","footnotes":""},"categories":[26],"tags":[],"class_list":["post-20333","post","type-post","status-publish","format-standard","has-post-thumbnail","hentry","category-cultura"],"acf":[],"_links":{"self":[{"href":"https:\/\/incm.pt\/site\/wp-json\/wp\/v2\/posts\/20333","targetHints":{"allow":["GET"]}}],"collection":[{"href":"https:\/\/incm.pt\/site\/wp-json\/wp\/v2\/posts"}],"about":[{"href":"https:\/\/incm.pt\/site\/wp-json\/wp\/v2\/types\/post"}],"author":[{"embeddable":true,"href":"https:\/\/incm.pt\/site\/wp-json\/wp\/v2\/users\/16"}],"replies":[{"embeddable":true,"href":"https:\/\/incm.pt\/site\/wp-json\/wp\/v2\/comments?post=20333"}],"version-history":[{"count":1,"href":"https:\/\/incm.pt\/site\/wp-json\/wp\/v2\/posts\/20333\/revisions"}],"predecessor-version":[{"id":20338,"href":"https:\/\/incm.pt\/site\/wp-json\/wp\/v2\/posts\/20333\/revisions\/20338"}],"wp:featuredmedia":[{"embeddable":true,"href":"https:\/\/incm.pt\/site\/wp-json\/wp\/v2\/media\/20334"}],"wp:attachment":[{"href":"https:\/\/incm.pt\/site\/wp-json\/wp\/v2\/media?parent=20333"}],"wp:term":[{"taxonomy":"category","embeddable":true,"href":"https:\/\/incm.pt\/site\/wp-json\/wp\/v2\/categories?post=20333"},{"taxonomy":"post_tag","embeddable":true,"href":"https:\/\/incm.pt\/site\/wp-json\/wp\/v2\/tags?post=20333"}],"curies":[{"name":"wp","href":"https:\/\/api.w.org\/{rel}","templated":true}]}}