{"id":19560,"date":"2023-10-31T10:41:15","date_gmt":"2023-10-31T10:41:15","guid":{"rendered":"https:\/\/incm.pt\/site\/?p=19560"},"modified":"2023-10-31T10:41:15","modified_gmt":"2023-10-31T10:41:15","slug":"incm-participa-na-conferencia-digitalizacao-e-modernizacao-da-administracao-publica","status":"publish","type":"post","link":"https:\/\/incm.pt\/site\/incm-participa-na-conferencia-digitalizacao-e-modernizacao-da-administracao-publica\/","title":{"rendered":"INCM participa na confer\u00eancia \u00abDigitaliza\u00e7\u00e3o e Moderniza\u00e7\u00e3o da Administra\u00e7\u00e3o P\u00fablica\u00bb"},"content":{"rendered":"<p>Nuno Guerra Santos, vogal do Conselho de Administra\u00e7\u00e3o da Imprensa Nacional-Casa da Moeda (INCM), foi o moderador do painel \u00abDesafios de Mudan\u00e7a na Administra\u00e7\u00e3o P\u00fablica Central e Empresarial\u00bb, inserido na confer\u00eancia \u00abDigitaliza\u00e7\u00e3o e Moderniza\u00e7\u00e3o da Administra\u00e7\u00e3o P\u00fablica\u00bb, que teve lugar no Instituto Superior de Ci\u00eancias Sociais e Pol\u00edticas, no dia 26 de outubro.<\/p>\n<p>A confer\u00eancia, promovida pela Associa\u00e7\u00e3o para a Promo\u00e7\u00e3o e Desenvolvimento da Sociedade da Informa\u00e7\u00e3o (<a href=\"https:\/\/apdsi.pt\/\" target=\"_blank\" rel=\"noopener\">APDSI<\/a>), procurou debater e clarificar, entre outras mat\u00e9rias, a estrat\u00e9gia e os objetivos transversais para a mudan\u00e7a da Administra\u00e7\u00e3o P\u00fablica, tendo em considera\u00e7\u00e3o a import\u00e2ncia da sua digitaliza\u00e7\u00e3o e moderniza\u00e7\u00e3o para o desenvolvimento econ\u00f3mico e social do pa\u00eds.<\/p>\n","protected":false},"excerpt":{"rendered":"<p>Nuno Guerra Santos, vogal do Conselho de Administra\u00e7\u00e3o da Imprensa Nacional-Casa da Moeda (INCM), foi o moderador do painel \u00abDesafios de Mudan\u00e7a na Administra\u00e7\u00e3o P\u00fablica Central e Empresarial\u00bb, inserido na confer\u00eancia \u00abDigitaliza\u00e7\u00e3o e Moderniza\u00e7\u00e3o da Administra\u00e7\u00e3o P\u00fablica\u00bb, que teve lugar no Instituto Superior de Ci\u00eancias Sociais e Pol\u00edticas, no dia 26 de outubro. A confer\u00eancia, [&hellip;]<\/p>\n","protected":false},"author":16,"featured_media":19561,"comment_status":"open","ping_status":"open","sticky":false,"template":"","format":"standard","meta":{"_acf_changed":false,"_et_pb_use_builder":"","_et_pb_old_content":"","_et_gb_content_width":"","footnotes":""},"categories":[17],"tags":[],"class_list":["post-19560","post","type-post","status-publish","format-standard","has-post-thumbnail","hentry","category-eventos"],"acf":[],"_links":{"self":[{"href":"https:\/\/incm.pt\/site\/wp-json\/wp\/v2\/posts\/19560","targetHints":{"allow":["GET"]}}],"collection":[{"href":"https:\/\/incm.pt\/site\/wp-json\/wp\/v2\/posts"}],"about":[{"href":"https:\/\/incm.pt\/site\/wp-json\/wp\/v2\/types\/post"}],"author":[{"embeddable":true,"href":"https:\/\/incm.pt\/site\/wp-json\/wp\/v2\/users\/16"}],"replies":[{"embeddable":true,"href":"https:\/\/incm.pt\/site\/wp-json\/wp\/v2\/comments?post=19560"}],"version-history":[{"count":1,"href":"https:\/\/incm.pt\/site\/wp-json\/wp\/v2\/posts\/19560\/revisions"}],"predecessor-version":[{"id":19565,"href":"https:\/\/incm.pt\/site\/wp-json\/wp\/v2\/posts\/19560\/revisions\/19565"}],"wp:featuredmedia":[{"embeddable":true,"href":"https:\/\/incm.pt\/site\/wp-json\/wp\/v2\/media\/19561"}],"wp:attachment":[{"href":"https:\/\/incm.pt\/site\/wp-json\/wp\/v2\/media?parent=19560"}],"wp:term":[{"taxonomy":"category","embeddable":true,"href":"https:\/\/incm.pt\/site\/wp-json\/wp\/v2\/categories?post=19560"},{"taxonomy":"post_tag","embeddable":true,"href":"https:\/\/incm.pt\/site\/wp-json\/wp\/v2\/tags?post=19560"}],"curies":[{"name":"wp","href":"https:\/\/api.w.org\/{rel}","templated":true}]}}