{"id":19401,"date":"2023-10-19T10:29:51","date_gmt":"2023-10-19T10:29:51","guid":{"rendered":"https:\/\/incm.pt\/site\/?p=19401"},"modified":"2023-10-19T10:29:51","modified_gmt":"2023-10-19T10:29:51","slug":"moeda-mobiliario-indo-portugues-apresentada-no-museu-do-oriente","status":"publish","type":"post","link":"https:\/\/incm.pt\/site\/moeda-mobiliario-indo-portugues-apresentada-no-museu-do-oriente\/","title":{"rendered":"Moeda \u00abMobili\u00e1rio Indo-portugu\u00eas\u00bb apresentada no Museu do Oriente"},"content":{"rendered":"<p>A terceira e \u00faltima moeda de cole\u00e7\u00e3o da s\u00e9rie \u00abPortugal e o Oriente\u00bb, alusiva ao \u00abMobili\u00e1rio Indo-portugu\u00eas\u00bb e desenhada pela ilustradora Sara Feio, foi ontem apresentada no Museu do Oriente, em Lisboa.<\/p>\n<p>O evento, aberto ao p\u00fablico, contou com a presen\u00e7a de Gra\u00e7a Mendes Pinto e de Joana Belard da Fonseca, diretora e diretora adjunta do Museu do Oriente, respetivamente, e, em representa\u00e7\u00e3o da Imprensa Nacional-Casa da Moeda (INCM), do administrador Nuno Guerra Santos e da diretora de Marketing e Canais, Rita Assis.<\/p>\n<p>A moeda colocada ontem em circula\u00e7\u00e3o d\u00e1 relevo ao mobili\u00e1rio indo-portugu\u00eas, produzido sobretudo em Goa, que incorporava elementos ornamentais indianos, mas tamb\u00e9m refletia a sensibilidade europeia, num feliz encontro de culturas. Esta moeda \u00e9 a primeira cria\u00e7\u00e3o numism\u00e1tica de Sara Feio, uma das mais interessantes ilustradoras portuguesas da sua gera\u00e7\u00e3o, refor\u00e7ando a aposta da Casa da Moeda em promover novos talentos.<\/p>\n<p>A moeda \u00abMobili\u00e1rio Indo-portugu\u00eas\u00bb conta com uma emiss\u00e3o limitada a 2 mil exemplares em ouro e 3 mil exemplares em prata, ambos com acabamento <em>proof,<\/em> e 30 mil unidades em cupron\u00edquel com acabamento normal.<\/p>\n","protected":false},"excerpt":{"rendered":"<p>A terceira e \u00faltima moeda de cole\u00e7\u00e3o da s\u00e9rie \u00abPortugal e o Oriente\u00bb, alusiva ao \u00abMobili\u00e1rio Indo-portugu\u00eas\u00bb e desenhada pela ilustradora Sara Feio, foi ontem apresentada no Museu do Oriente, em Lisboa. O evento, aberto ao p\u00fablico, contou com a presen\u00e7a de Gra\u00e7a Mendes Pinto e de Joana Belard da Fonseca, diretora e diretora adjunta [&hellip;]<\/p>\n","protected":false},"author":16,"featured_media":19402,"comment_status":"open","ping_status":"open","sticky":false,"template":"","format":"standard","meta":{"_acf_changed":false,"_et_pb_use_builder":"","_et_pb_old_content":"","_et_gb_content_width":"","footnotes":""},"categories":[20],"tags":[],"class_list":["post-19401","post","type-post","status-publish","format-standard","has-post-thumbnail","hentry","category-numismatica"],"acf":[],"_links":{"self":[{"href":"https:\/\/incm.pt\/site\/wp-json\/wp\/v2\/posts\/19401","targetHints":{"allow":["GET"]}}],"collection":[{"href":"https:\/\/incm.pt\/site\/wp-json\/wp\/v2\/posts"}],"about":[{"href":"https:\/\/incm.pt\/site\/wp-json\/wp\/v2\/types\/post"}],"author":[{"embeddable":true,"href":"https:\/\/incm.pt\/site\/wp-json\/wp\/v2\/users\/16"}],"replies":[{"embeddable":true,"href":"https:\/\/incm.pt\/site\/wp-json\/wp\/v2\/comments?post=19401"}],"version-history":[{"count":1,"href":"https:\/\/incm.pt\/site\/wp-json\/wp\/v2\/posts\/19401\/revisions"}],"predecessor-version":[{"id":19406,"href":"https:\/\/incm.pt\/site\/wp-json\/wp\/v2\/posts\/19401\/revisions\/19406"}],"wp:featuredmedia":[{"embeddable":true,"href":"https:\/\/incm.pt\/site\/wp-json\/wp\/v2\/media\/19402"}],"wp:attachment":[{"href":"https:\/\/incm.pt\/site\/wp-json\/wp\/v2\/media?parent=19401"}],"wp:term":[{"taxonomy":"category","embeddable":true,"href":"https:\/\/incm.pt\/site\/wp-json\/wp\/v2\/categories?post=19401"},{"taxonomy":"post_tag","embeddable":true,"href":"https:\/\/incm.pt\/site\/wp-json\/wp\/v2\/tags?post=19401"}],"curies":[{"name":"wp","href":"https:\/\/api.w.org\/{rel}","templated":true}]}}