{"id":19310,"date":"2023-10-16T15:04:44","date_gmt":"2023-10-16T15:04:44","guid":{"rendered":"https:\/\/incm.pt\/site\/?p=19310"},"modified":"2023-10-16T15:04:44","modified_gmt":"2023-10-16T15:04:44","slug":"semana-da-saude-e-do-bem-estar-na-incm","status":"publish","type":"post","link":"https:\/\/incm.pt\/site\/semana-da-saude-e-do-bem-estar-na-incm\/","title":{"rendered":"Semana da Sa\u00fade e do Bem Estar na INCM"},"content":{"rendered":"<p>Arrancou hoje a 2.\u00aa Semana da Sa\u00fade e do Bem Estar na INCM 2023, uma iniciativa que procura informar e sensibilizar os trabalhadores e trabalhadoras da empresa sobre a import\u00e2ncia de adotar pr\u00e1ticas e h\u00e1bitos de vida saud\u00e1veis.<\/p>\n<p>Recebemos esta manh\u00e3 Sandro Resende, que nos veio falar de \u201cSa\u00fade Mental e Arte\u201d e da associa\u00e7\u00e3o que criou em 2019 \u2013 o <a href=\"https:\/\/www.manicomio.pt\/\" target=\"_blank\" rel=\"noopener\">Manic\u00f3mio<\/a> \u2013 espa\u00e7o de cria\u00e7\u00e3o, hub social e galeria de Arte Bruta, que promove trabalhos de artistas com experi\u00eancia de doen\u00e7a mental, ajudando-os a conquistar a sua dignidade e reconhecimento.<\/p>\n","protected":false},"excerpt":{"rendered":"<p>Arrancou hoje a 2.\u00aa Semana da Sa\u00fade e do Bem Estar na INCM 2023, uma iniciativa que procura informar e sensibilizar os trabalhadores e trabalhadoras da empresa sobre a import\u00e2ncia de adotar pr\u00e1ticas e h\u00e1bitos de vida saud\u00e1veis. Recebemos esta manh\u00e3 Sandro Resende, que nos veio falar de \u201cSa\u00fade Mental e Arte\u201d e da associa\u00e7\u00e3o [&hellip;]<\/p>\n","protected":false},"author":16,"featured_media":19312,"comment_status":"open","ping_status":"open","sticky":false,"template":"","format":"standard","meta":{"_acf_changed":false,"_et_pb_use_builder":"","_et_pb_old_content":"","_et_gb_content_width":"","footnotes":""},"categories":[17],"tags":[],"class_list":["post-19310","post","type-post","status-publish","format-standard","has-post-thumbnail","hentry","category-eventos"],"acf":[],"_links":{"self":[{"href":"https:\/\/incm.pt\/site\/wp-json\/wp\/v2\/posts\/19310","targetHints":{"allow":["GET"]}}],"collection":[{"href":"https:\/\/incm.pt\/site\/wp-json\/wp\/v2\/posts"}],"about":[{"href":"https:\/\/incm.pt\/site\/wp-json\/wp\/v2\/types\/post"}],"author":[{"embeddable":true,"href":"https:\/\/incm.pt\/site\/wp-json\/wp\/v2\/users\/16"}],"replies":[{"embeddable":true,"href":"https:\/\/incm.pt\/site\/wp-json\/wp\/v2\/comments?post=19310"}],"version-history":[{"count":1,"href":"https:\/\/incm.pt\/site\/wp-json\/wp\/v2\/posts\/19310\/revisions"}],"predecessor-version":[{"id":19316,"href":"https:\/\/incm.pt\/site\/wp-json\/wp\/v2\/posts\/19310\/revisions\/19316"}],"wp:featuredmedia":[{"embeddable":true,"href":"https:\/\/incm.pt\/site\/wp-json\/wp\/v2\/media\/19312"}],"wp:attachment":[{"href":"https:\/\/incm.pt\/site\/wp-json\/wp\/v2\/media?parent=19310"}],"wp:term":[{"taxonomy":"category","embeddable":true,"href":"https:\/\/incm.pt\/site\/wp-json\/wp\/v2\/categories?post=19310"},{"taxonomy":"post_tag","embeddable":true,"href":"https:\/\/incm.pt\/site\/wp-json\/wp\/v2\/tags?post=19310"}],"curies":[{"name":"wp","href":"https:\/\/api.w.org\/{rel}","templated":true}]}}