{"id":19017,"date":"2023-10-03T11:30:14","date_gmt":"2023-10-03T11:30:14","guid":{"rendered":"https:\/\/incm.pt\/site\/?p=19017"},"modified":"2023-10-03T11:43:47","modified_gmt":"2023-10-03T11:43:47","slug":"biblioteca-da-imprensa-nacional-disponibiliza-o-seu-catalogo-online","status":"publish","type":"post","link":"https:\/\/incm.pt\/site\/biblioteca-da-imprensa-nacional-disponibiliza-o-seu-catalogo-online\/","title":{"rendered":"Biblioteca da Imprensa Nacional disponibiliza o seu cat\u00e1logo online"},"content":{"rendered":"<p>No dia em que a Biblioteca da Imprensa Nacional completa 100 anos, \u00e9 disponibilizado <em>online<\/em> o seu <a href=\"https:\/\/imprensanacional.pt\/biblioteca-categorias\/biblioteca\/\" target=\"_blank\" rel=\"noopener\">cat\u00e1logo<\/a>, onde \u00e9 poss\u00edvel pesquisar em todo o seu acervo, bem como aceder \u00e0s edi\u00e7\u00f5es que j\u00e1 se encontram acess\u00edveis em <a href=\"https:\/\/imprensanacional.pt\/livros-em-pdf\/\" target=\"_blank\" rel=\"noopener\">formato digital<\/a>, para descarga ou leitura, de forma gratuita.<\/p>\n<p>No cat\u00e1logo da Biblioteca, que se encontra em permanente atualiza\u00e7\u00e3o, \u00e9 poss\u00edvel optar pela pesquisa simples, por palavra-chave, t\u00edtulo, autor, cole\u00e7\u00e3o ou data de edi\u00e7\u00e3o, ou pela pesquisa avan\u00e7ada, combinando diferentes campos.<\/p>\n<p>Ao disponibilizar este cat\u00e1logo, a Biblioteca da Imprensa Nacional refor\u00e7a a sua miss\u00e3o de servi\u00e7o p\u00fablico, em prol do conhecimento e da cultura, fornecendo assim uma ferramenta de pesquisa de grande valia para estudantes, investigadores ou acad\u00e9micos.<\/p>\n<p>Al\u00e9m das edi\u00e7\u00f5es pr\u00f3prias, fazem parte do acervo da Biblioteca da Imprensa Nacional alguns exemplares de grande import\u00e2ncia hist\u00f3rica e cultural, com destaque para tr\u00eas incun\u00e1bulos (livros impressos nos primeiros tempos da imprensa com tipos m\u00f3veis, na segunda metade do s\u00e9culo XV) e numerosas obras de edi\u00e7\u00e3o portuguesa dos s\u00e9culos XVI, XVII e XVIII.<\/p>\n","protected":false},"excerpt":{"rendered":"<p>No dia em que a Biblioteca da Imprensa Nacional completa 100 anos, \u00e9 disponibilizado online o seu cat\u00e1logo, onde \u00e9 poss\u00edvel pesquisar em todo o seu acervo, bem como aceder \u00e0s edi\u00e7\u00f5es que j\u00e1 se encontram acess\u00edveis em formato digital, para descarga ou leitura, de forma gratuita. No cat\u00e1logo da Biblioteca, que se encontra em [&hellip;]<\/p>\n","protected":false},"author":16,"featured_media":19018,"comment_status":"open","ping_status":"open","sticky":false,"template":"","format":"standard","meta":{"_acf_changed":false,"_et_pb_use_builder":"","_et_pb_old_content":"","_et_gb_content_width":"","footnotes":""},"categories":[26],"tags":[],"class_list":["post-19017","post","type-post","status-publish","format-standard","has-post-thumbnail","hentry","category-cultura"],"acf":[],"_links":{"self":[{"href":"https:\/\/incm.pt\/site\/wp-json\/wp\/v2\/posts\/19017","targetHints":{"allow":["GET"]}}],"collection":[{"href":"https:\/\/incm.pt\/site\/wp-json\/wp\/v2\/posts"}],"about":[{"href":"https:\/\/incm.pt\/site\/wp-json\/wp\/v2\/types\/post"}],"author":[{"embeddable":true,"href":"https:\/\/incm.pt\/site\/wp-json\/wp\/v2\/users\/16"}],"replies":[{"embeddable":true,"href":"https:\/\/incm.pt\/site\/wp-json\/wp\/v2\/comments?post=19017"}],"version-history":[{"count":3,"href":"https:\/\/incm.pt\/site\/wp-json\/wp\/v2\/posts\/19017\/revisions"}],"predecessor-version":[{"id":19026,"href":"https:\/\/incm.pt\/site\/wp-json\/wp\/v2\/posts\/19017\/revisions\/19026"}],"wp:featuredmedia":[{"embeddable":true,"href":"https:\/\/incm.pt\/site\/wp-json\/wp\/v2\/media\/19018"}],"wp:attachment":[{"href":"https:\/\/incm.pt\/site\/wp-json\/wp\/v2\/media?parent=19017"}],"wp:term":[{"taxonomy":"category","embeddable":true,"href":"https:\/\/incm.pt\/site\/wp-json\/wp\/v2\/categories?post=19017"},{"taxonomy":"post_tag","embeddable":true,"href":"https:\/\/incm.pt\/site\/wp-json\/wp\/v2\/tags?post=19017"}],"curies":[{"name":"wp","href":"https:\/\/api.w.org\/{rel}","templated":true}]}}