{"id":19003,"date":"2023-10-02T14:18:31","date_gmt":"2023-10-02T14:18:31","guid":{"rendered":"https:\/\/incm.pt\/site\/?p=19003"},"modified":"2023-10-02T14:18:31","modified_gmt":"2023-10-02T14:18:31","slug":"19-a-edicao-do-forum-europeu-de-jornais-oficiais","status":"publish","type":"post","link":"https:\/\/incm.pt\/site\/19-a-edicao-do-forum-europeu-de-jornais-oficiais\/","title":{"rendered":"19.\u00aa Edi\u00e7\u00e3o do F\u00f3rum Europeu de Jornais Oficiais"},"content":{"rendered":"<p>A INCM participou na 19.\u00aa edi\u00e7\u00e3o do F\u00f3rum Europeu de Jornais Oficiais, que teve lugar em Berlim, de 28 a 30 de setembro.<\/p>\n<p>Os desafios e oportunidades para os editores oficiais no ciclo legislativo, a legisla\u00e7\u00e3o em formato eletr\u00f3nico, o fim da legisla\u00e7\u00e3o em papel ou a implementa\u00e7\u00e3o da intelig\u00eancia artificial foram alguns dos temas em debate neste F\u00f3rum.<\/p>\n<p>Criado em 2004 pelas organiza\u00e7\u00f5es respons\u00e1veis pela publica\u00e7\u00e3o dos jornais oficiais dos Estados membros da Uni\u00e3o Europeia e pelo Gabinete de Publica\u00e7\u00f5es da Uni\u00e3o Europeia, o F\u00f3rum Europeu de Jornais Oficiais tem como objetivo primordial a troca de ideias e informa\u00e7\u00e3o entre os editores oficiais acerca dos processos de publica\u00e7\u00e3o, da tecnologia e das melhores pr\u00e1ticas.<\/p>\n","protected":false},"excerpt":{"rendered":"<p>A INCM participou na 19.\u00aa edi\u00e7\u00e3o do F\u00f3rum Europeu de Jornais Oficiais, que teve lugar em Berlim, de 28 a 30 de setembro. Os desafios e oportunidades para os editores oficiais no ciclo legislativo, a legisla\u00e7\u00e3o em formato eletr\u00f3nico, o fim da legisla\u00e7\u00e3o em papel ou a implementa\u00e7\u00e3o da intelig\u00eancia artificial foram alguns dos temas [&hellip;]<\/p>\n","protected":false},"author":16,"featured_media":19004,"comment_status":"open","ping_status":"open","sticky":false,"template":"","format":"standard","meta":{"_acf_changed":false,"_et_pb_use_builder":"","_et_pb_old_content":"","_et_gb_content_width":"","footnotes":""},"categories":[176],"tags":[],"class_list":["post-19003","post","type-post","status-publish","format-standard","has-post-thumbnail","hentry","category-diario-da-republica"],"acf":[],"_links":{"self":[{"href":"https:\/\/incm.pt\/site\/wp-json\/wp\/v2\/posts\/19003","targetHints":{"allow":["GET"]}}],"collection":[{"href":"https:\/\/incm.pt\/site\/wp-json\/wp\/v2\/posts"}],"about":[{"href":"https:\/\/incm.pt\/site\/wp-json\/wp\/v2\/types\/post"}],"author":[{"embeddable":true,"href":"https:\/\/incm.pt\/site\/wp-json\/wp\/v2\/users\/16"}],"replies":[{"embeddable":true,"href":"https:\/\/incm.pt\/site\/wp-json\/wp\/v2\/comments?post=19003"}],"version-history":[{"count":1,"href":"https:\/\/incm.pt\/site\/wp-json\/wp\/v2\/posts\/19003\/revisions"}],"predecessor-version":[{"id":19008,"href":"https:\/\/incm.pt\/site\/wp-json\/wp\/v2\/posts\/19003\/revisions\/19008"}],"wp:featuredmedia":[{"embeddable":true,"href":"https:\/\/incm.pt\/site\/wp-json\/wp\/v2\/media\/19004"}],"wp:attachment":[{"href":"https:\/\/incm.pt\/site\/wp-json\/wp\/v2\/media?parent=19003"}],"wp:term":[{"taxonomy":"category","embeddable":true,"href":"https:\/\/incm.pt\/site\/wp-json\/wp\/v2\/categories?post=19003"},{"taxonomy":"post_tag","embeddable":true,"href":"https:\/\/incm.pt\/site\/wp-json\/wp\/v2\/tags?post=19003"}],"curies":[{"name":"wp","href":"https:\/\/api.w.org\/{rel}","templated":true}]}}