{"id":18854,"date":"2023-09-29T10:29:55","date_gmt":"2023-09-29T10:29:55","guid":{"rendered":"https:\/\/incm.pt\/site\/?p=18854"},"modified":"2023-09-29T10:29:55","modified_gmt":"2023-09-29T10:29:55","slug":"biblioteca-da-imprensa-nacional-participa-na-1-a-edicao-do-bairro-real","status":"publish","type":"post","link":"https:\/\/incm.pt\/site\/biblioteca-da-imprensa-nacional-participa-na-1-a-edicao-do-bairro-real\/","title":{"rendered":"Biblioteca da Imprensa Nacional participa na 1.\u00aa edi\u00e7\u00e3o do Bairro Real"},"content":{"rendered":"<p>A Biblioteca da Imprensa Nacional volta a abrir as suas portas ao p\u00fablico nos dias 4 e 6 de outubro, entre as 15h00 e as 16h00, para duas visitas guiadas, conduzidas pela historiadora In\u00eas Queiroz. As visitas integram o programa da 1.\u00aa edi\u00e7\u00e3o do Bairro Real, um festival que, entre os dias 4 e 8 de outubro, vai animar o bairro do Pr\u00edncipe Real com v\u00e1rios eventos.<\/p>\n<p>Este festival \u00e9 uma iniciativa da Associa\u00e7\u00e3o Pr\u00edncipe + Real, que pretende celebrar a riqueza, a proximidade, a sinergia, a participa\u00e7\u00e3o e a identidade daquele bairro lisboeta, com <em>workshops<\/em>, exposi\u00e7\u00f5es, debates, cinema, sess\u00f5es comunit\u00e1rias, espa\u00e7os abertos, entre outras a\u00e7\u00f5es, a maioria delas gratuitas.<\/p>\n<p>Consulte aqui o <a href=\"https:\/\/principemaisreal.pt\/\" target=\"_blank\" rel=\"noopener\">programa<\/a>.<\/p>\n<p><strong>Biblioteca da Imprensa Nacional<\/strong><\/p>\n<p>Rua da Escola Polit\u00e9cnica, 135, Lisboa<\/p>\n","protected":false},"excerpt":{"rendered":"<p>A Biblioteca da Imprensa Nacional volta a abrir as suas portas ao p\u00fablico nos dias 4 e 6 de outubro, entre as 15h00 e as 16h00, para duas visitas guiadas, conduzidas pela historiadora In\u00eas Queiroz. As visitas integram o programa da 1.\u00aa edi\u00e7\u00e3o do Bairro Real, um festival que, entre os dias 4 e 8 [&hellip;]<\/p>\n","protected":false},"author":16,"featured_media":18855,"comment_status":"open","ping_status":"open","sticky":false,"template":"","format":"standard","meta":{"_acf_changed":false,"_et_pb_use_builder":"","_et_pb_old_content":"","_et_gb_content_width":"","footnotes":""},"categories":[26],"tags":[],"class_list":["post-18854","post","type-post","status-publish","format-standard","has-post-thumbnail","hentry","category-cultura"],"acf":[],"_links":{"self":[{"href":"https:\/\/incm.pt\/site\/wp-json\/wp\/v2\/posts\/18854","targetHints":{"allow":["GET"]}}],"collection":[{"href":"https:\/\/incm.pt\/site\/wp-json\/wp\/v2\/posts"}],"about":[{"href":"https:\/\/incm.pt\/site\/wp-json\/wp\/v2\/types\/post"}],"author":[{"embeddable":true,"href":"https:\/\/incm.pt\/site\/wp-json\/wp\/v2\/users\/16"}],"replies":[{"embeddable":true,"href":"https:\/\/incm.pt\/site\/wp-json\/wp\/v2\/comments?post=18854"}],"version-history":[{"count":1,"href":"https:\/\/incm.pt\/site\/wp-json\/wp\/v2\/posts\/18854\/revisions"}],"predecessor-version":[{"id":18859,"href":"https:\/\/incm.pt\/site\/wp-json\/wp\/v2\/posts\/18854\/revisions\/18859"}],"wp:featuredmedia":[{"embeddable":true,"href":"https:\/\/incm.pt\/site\/wp-json\/wp\/v2\/media\/18855"}],"wp:attachment":[{"href":"https:\/\/incm.pt\/site\/wp-json\/wp\/v2\/media?parent=18854"}],"wp:term":[{"taxonomy":"category","embeddable":true,"href":"https:\/\/incm.pt\/site\/wp-json\/wp\/v2\/categories?post=18854"},{"taxonomy":"post_tag","embeddable":true,"href":"https:\/\/incm.pt\/site\/wp-json\/wp\/v2\/tags?post=18854"}],"curies":[{"name":"wp","href":"https:\/\/api.w.org\/{rel}","templated":true}]}}