{"id":18451,"date":"2023-09-04T10:21:50","date_gmt":"2023-09-04T10:21:50","guid":{"rendered":"https:\/\/incm.pt\/site\/?p=18451"},"modified":"2023-09-27T09:11:17","modified_gmt":"2023-09-27T09:11:17","slug":"o-premio-in3-leva-a-inovacao-a-todos-os-setores-que-revelam-ao-mundo-um-portugal-cada-vez-mais-competitivo","status":"publish","type":"post","link":"https:\/\/incm.pt\/site\/o-premio-in3-leva-a-inovacao-a-todos-os-setores-que-revelam-ao-mundo-um-portugal-cada-vez-mais-competitivo\/","title":{"rendered":"O Pr\u00e9mio IN3+ desafia a inova\u00e7\u00e3o e a criatividade de todos os setores que possam revelar ao mundo um Portugal mais competitivo"},"content":{"rendered":"<p><strong>O Pr\u00e9mio IN3+ conta com 1 Milh\u00e3o de Euros para apoiar a inova\u00e7\u00e3o. As candidaturas est\u00e3o abertas at\u00e9 15 de setembro em <a href=\"https:\/\/premioin3mais.pt\/\" target=\"_blank\" rel=\"noopener\">premioin3mais.pt<\/a>.<\/strong><\/p>\n<p>A 4.\u00aa edi\u00e7\u00e3o do <strong>Pr\u00e9mio IN3+<\/strong> quer promover ainda mais a inova\u00e7\u00e3o, aceitando ideias, de todos os setores, que se enquadrem no \u00e2mbito de atividade da Imprensa Nacional\u2013Casa da Moeda (INCM), revelando ao mundo um Portugal cada vez mais competitivo. Conta com at\u00e9 1 Milh\u00e3o de Euros para apoiar o desenvolvimento das melhores ideias e as candidaturas est\u00e3o abertas at\u00e9 15 de setembro.<\/p>\n<p>Esta iniciativa da INCM, em parceria com a ANI \u2013 Ag\u00eancia Nacional de Inova\u00e7\u00e3o e com o Alto-Patroc\u00ednio do Presidente da Rep\u00fablica Portuguesa, \u00e9 um dos maiores pr\u00e9mios de apoio \u00e0 inova\u00e7\u00e3o em Portugal e tamb\u00e9m um dos mais abrangentes.<\/p>\n<p>Ao n\u00e3o limitar o acesso e apresenta\u00e7\u00e3o de ideias inovadoras, que poder\u00e3o estar em diferentes momentos de maturidade e desenvolvimento, o <strong>Pr\u00e9mio IN3+<\/strong> e a INCM refor\u00e7am o seu compromisso e cultura de inova\u00e7\u00e3o, abrindo espa\u00e7o a que cada vez mais ideias e projetos possam marcar a diferen\u00e7a no futuro.<\/p>\n<p>A <a href=\"https:\/\/incm.pt\/site\/rede-de-inovacao\/\" target=\"_blank\" rel=\"noopener\">Rede de Inova\u00e7\u00e3o INCM<\/a>, que conta com mais de 65 universidades, centros de investiga\u00e7\u00e3o, empresas e start-ups, aproxima cada vez mais a academia e o conhecimento da realidade empresarial.<\/p>\n<p>Muitos s\u00e3o j\u00e1 os exemplos e refer\u00eancias de inova\u00e7\u00e3o nacional que conquistaram apoios nas <a href=\"https:\/\/premioin3mais.pt\/projetos-vencedores\/\" target=\"_blank\" rel=\"noopener\">edi\u00e7\u00f5es anteriores<\/a> do <strong>Pr\u00e9mio IN3+<\/strong> e, com esta nova edi\u00e7\u00e3o, pretende-se dar continuidade a esse percurso de sucesso.<\/p>\n<p>As candidaturas s\u00e3o realizadas online em <a href=\"https:\/\/premioin3mais.pt\/\" target=\"_blank\" rel=\"noopener\">premioin3mais.pt<\/a>, onde \u00e9 poss\u00edvel tamb\u00e9m consultar toda a informa\u00e7\u00e3o e o respetivo <a href=\"https:\/\/premioin3mais.pt\/wp-content\/uploads\/2023\/03\/Regulamento-Premio-de-Inovacao-2023.pdf\" target=\"_blank\" rel=\"noopener\">regulamento<\/a>.<\/p>\n<p><strong>+INOVA\u00c7\u00c3O<\/strong><br \/>\n<strong>+CONHECIMENTO<\/strong><br \/>\n<strong>+FUTURO<\/strong><br \/>\n<strong>1 MILH\u00c3O PARA A INOVA\u00c7\u00c3O.<\/strong><br \/>\n<strong>PR\u00c9MIO IN3+<\/strong><\/p>\n","protected":false},"excerpt":{"rendered":"<p>O Pr\u00e9mio IN3+ conta com 1 Milh\u00e3o de Euros para apoiar a inova\u00e7\u00e3o. As candidaturas est\u00e3o abertas at\u00e9 15 de setembro em premioin3mais.pt. A 4.\u00aa edi\u00e7\u00e3o do Pr\u00e9mio IN3+ quer promover ainda mais a inova\u00e7\u00e3o, aceitando ideias, de todos os setores, que se enquadrem no \u00e2mbito de atividade da Imprensa Nacional\u2013Casa da Moeda (INCM), revelando [&hellip;]<\/p>\n","protected":false},"author":9,"featured_media":18452,"comment_status":"open","ping_status":"open","sticky":false,"template":"","format":"standard","meta":{"_acf_changed":false,"_et_pb_use_builder":"","_et_pb_old_content":"","_et_gb_content_width":"","footnotes":""},"categories":[18],"tags":[],"class_list":["post-18451","post","type-post","status-publish","format-standard","has-post-thumbnail","hentry","category-inovacao"],"acf":[],"_links":{"self":[{"href":"https:\/\/incm.pt\/site\/wp-json\/wp\/v2\/posts\/18451","targetHints":{"allow":["GET"]}}],"collection":[{"href":"https:\/\/incm.pt\/site\/wp-json\/wp\/v2\/posts"}],"about":[{"href":"https:\/\/incm.pt\/site\/wp-json\/wp\/v2\/types\/post"}],"author":[{"embeddable":true,"href":"https:\/\/incm.pt\/site\/wp-json\/wp\/v2\/users\/9"}],"replies":[{"embeddable":true,"href":"https:\/\/incm.pt\/site\/wp-json\/wp\/v2\/comments?post=18451"}],"version-history":[{"count":5,"href":"https:\/\/incm.pt\/site\/wp-json\/wp\/v2\/posts\/18451\/revisions"}],"predecessor-version":[{"id":18820,"href":"https:\/\/incm.pt\/site\/wp-json\/wp\/v2\/posts\/18451\/revisions\/18820"}],"wp:featuredmedia":[{"embeddable":true,"href":"https:\/\/incm.pt\/site\/wp-json\/wp\/v2\/media\/18452"}],"wp:attachment":[{"href":"https:\/\/incm.pt\/site\/wp-json\/wp\/v2\/media?parent=18451"}],"wp:term":[{"taxonomy":"category","embeddable":true,"href":"https:\/\/incm.pt\/site\/wp-json\/wp\/v2\/categories?post=18451"},{"taxonomy":"post_tag","embeddable":true,"href":"https:\/\/incm.pt\/site\/wp-json\/wp\/v2\/tags?post=18451"}],"curies":[{"name":"wp","href":"https:\/\/api.w.org\/{rel}","templated":true}]}}