{"id":18411,"date":"2023-09-01T08:51:36","date_gmt":"2023-09-01T08:51:36","guid":{"rendered":"https:\/\/incm.pt\/site\/?p=18411"},"modified":"2023-09-04T13:58:40","modified_gmt":"2023-09-04T13:58:40","slug":"estao-abertas-as-candidaturas-a-5-a-edicao-do-premio-imprensa-nacional-ferreira-de-castro","status":"publish","type":"post","link":"https:\/\/incm.pt\/site\/estao-abertas-as-candidaturas-a-5-a-edicao-do-premio-imprensa-nacional-ferreira-de-castro\/","title":{"rendered":"Est\u00e3o abertas as candidaturas \u00e0 5.\u00aa edi\u00e7\u00e3o do Pr\u00e9mio Imprensa Nacional\/Ferreira de Castro"},"content":{"rendered":"<p>[et_pb_section admin_label=&#8221;section&#8221;]<br \/>\n\t\t\t[et_pb_row admin_label=&#8221;row&#8221;]<br \/>\n\t\t\t\t[et_pb_column type=&#8221;4_4&#8243;][et_pb_text admin_label=&#8221;Text&#8221;]De 1 de setembro a 31 de outubro, est\u00e3o abertas as candidaturas \u00e0 5.\u00aa edi\u00e7\u00e3o do Pr\u00e9mio Imprensa Nacional\/Ferreira de Castro. Este pr\u00e9mio \u00e9 atribu\u00eddo pela Imprensa Nacional, em parceria com o Minist\u00e9rio dos Neg\u00f3cios Estrangeiros, no \u00e2mbito da a\u00e7\u00e3o cultural junto das comunidades portuguesas.<\/p>\n<p>O galard\u00e3o tem uma periodicidade anual e distingue trabalhos in\u00e9ditos, nas \u00e1reas de Fic\u00e7\u00e3o e Poesia, produzidos por portugueses a residir no estrangeiro e por lusodescendentes. Al\u00e9m do valor pecuni\u00e1rio, no valor de 5000 euros, o Pr\u00e9mio Imprensa Nacional\/Ferreira de Castro contempla tamb\u00e9m a publica\u00e7\u00e3o da obra vencedora pela Imprensa Nacional.<\/p>\n<p>A 5.\u00aa edi\u00e7\u00e3o do Pr\u00e9mio Imprensa Nacional\/Ferreira de Castro conta com uma novidade: as candidaturas fazem-se exclusivamente <em>online<\/em> no <em>site<\/em> da <a href=\"https:\/\/imprensanacional.pt\/premios-literarios\/premio-imprensa-nacional-ferreira-de-castro\/\" target=\"_blank\" rel=\"noopener\">Imprensa Nacional<\/a>.<\/p>\n<p>\u00c0 semelhan\u00e7a dos anos anteriores, na edi\u00e7\u00e3o deste ano, o j\u00fari \u00e9 composto por Lu\u00eds Filipe de Castro Mendes (que o preside), pela editora-chefe da Imprensa Nacional, Paula Mendes, e pela professora Martina Matozzi.<\/p>\n<p>Na 1.\u00aa edi\u00e7\u00e3o (2019) o Pr\u00e9mio Imprensa Nacional\/Ferreira de Castro distinguiu, em <em>ex\u2011aequo<\/em>, as obras <em>N\u00e3o Viajarei por Nenhuma Espanha<\/em>, do lusodescendente Marcus Quiroga Pereira (1954-2020), e <em>Uma Casa no Mundo<\/em>, de Irene Marques, portuguesa a residir em Toronto (Canad\u00e1). Em 2020, o Pr\u00e9mio Imprensa Nacional\/Ferreira de Castro distinguiu M\u00f3nica Auer, portuguesa a residir na Alemanha, pelo seu trabalho em poesia <em>A Parte pelo Todo<\/em>. Em 2021, o pr\u00e9mio foi entregue a Alexandra Barreiros, portuguesa a residir em Genebra, na Su\u00ed\u00e7a, pelo seu trabalho <em>O Resto do Meu Nome<\/em>, e distinguiu tamb\u00e9m duas men\u00e7\u00f5es honrosas: <em>A Esquecida Hist\u00f3ria de Hans Wolf <\/em>(romance), de Liliana China (portuguesa a residir na B\u00e9lgica), e <em>A Carta de M\u00e9nides <\/em>(poesia), de Lu\u00eds Lereno (portugu\u00eas a residir em Inglaterra). <em>Ningu\u00e9m volta ao que deixou, <\/em>de Paulo Rodrigues Ferreira (portugu\u00eas a residir nos Estados Unidos da Am\u00e9rica) foi a obra galardoada na edi\u00e7\u00e3o do ano passado (em publica\u00e7\u00e3o).<\/p>\n<p>Al\u00e9m de homenagear a figura incontorn\u00e1vel e exemplar de Ferreira de Castro, o Pr\u00e9mio Imprensa Nacional\/Ferreira de Castro pretende refor\u00e7ar os v\u00ednculos de perten\u00e7a \u00e0 l\u00edngua e cultura portuguesas e estimular a participa\u00e7\u00e3o de lusodescendentes e portugueses a residir no estrangeiro, prestando, assim, \u00e0s comunidades portuguesas dispersas pelo mundo o justo reconhecimento pelas atividades que desenvolvem nos seus pa\u00edses de acolhimento.<\/p>\n<p>O Regulamento do Pr\u00e9mio Imprensa Nacional\/Ferreira de Castro pode ser consultado <a href=\"https:\/\/imprensanacional.pt\/wp-content\/uploads\/2022\/06\/PDF_Reg_Premio-Ferreira-de-Castro.pdf\" target=\"_blank\" rel=\"noopener\">aqui<\/a>.[\/et_pb_text][\/et_pb_column]<br \/>\n\t\t\t[\/et_pb_row]<br \/>\n\t\t[\/et_pb_section]<\/p>\n","protected":false},"excerpt":{"rendered":"<p>De 1 de setembro a 31 de outubro, est\u00e3o abertas as candidaturas \u00e0 5.\u00aa edi\u00e7\u00e3o do Pr\u00e9mio Imprensa Nacional\/Ferreira de Castro. Este pr\u00e9mio \u00e9 atribu\u00eddo pela Imprensa Nacional, em parceria com o Minist\u00e9rio dos Neg\u00f3cios Estrangeiros, no \u00e2mbito da a\u00e7\u00e3o cultural junto das comunidades portuguesas. O galard\u00e3o tem uma periodicidade anual e distingue trabalhos in\u00e9ditos, [&hellip;]<\/p>\n","protected":false},"author":16,"featured_media":18412,"comment_status":"open","ping_status":"open","sticky":false,"template":"","format":"standard","meta":{"_acf_changed":false,"_et_pb_use_builder":"on","_et_pb_old_content":"De 1 de setembro a 31 de outubro, est\u00e3o abertas as candidaturas \u00e0 5.\u00aa edi\u00e7\u00e3o do Pr\u00e9mio Imprensa Nacional\/Ferreira de Castro. Este pr\u00e9mio \u00e9 atribu\u00eddo pela Imprensa Nacional, em parceria com o Minist\u00e9rio dos Neg\u00f3cios Estrangeiros, no \u00e2mbito da a\u00e7\u00e3o cultural junto das comunidades portuguesas.\r\n\r\nO galard\u00e3o tem uma periodicidade anual e distingue trabalhos in\u00e9ditos, nas \u00e1reas de Fic\u00e7\u00e3o e Poesia, produzidos por portugueses a residir no estrangeiro e por lusodescendentes. Al\u00e9m do valor pecuni\u00e1rio, no valor de 5000 euros, o Pr\u00e9mio Imprensa Nacional\/Ferreira de Castro contempla tamb\u00e9m a publica\u00e7\u00e3o da obra vencedora pela Imprensa Nacional.\r\n\r\nA 5.\u00aa edi\u00e7\u00e3o do Pr\u00e9mio Imprensa Nacional\/Ferreira de Castro conta com uma novidade: as candidaturas fazem-se exclusivamente <em>online<\/em> no <em>site<\/em> da <a href=\"https:\/\/imprensanacional.pt\/premios-literarios\/premio-imprensa-nacional-ferreira-de-castro\/\">Imprensa Nacional<\/a>.\r\n\r\n\u00c0 semelhan\u00e7a dos anos anteriores, na edi\u00e7\u00e3o deste ano, o j\u00fari \u00e9 composto por Lu\u00eds Filipe de Castro Mendes (que o preside), pela editora-chefe da Imprensa Nacional, Paula Mendes, e pela professora Martina Matozzi.\r\n\r\nNa 1.\u00aa edi\u00e7\u00e3o (2019) o Pr\u00e9mio Imprensa Nacional\/Ferreira de Castro distinguiu, em <em>ex\u2011aequo<\/em>, as obras <em>N\u00e3o Viajarei por Nenhuma Espanha<\/em>, do lusodescendente Marcus Quiroga Pereira (1954-2020), e <em>Uma Casa no Mundo<\/em>, de Irene Marques, portuguesa a residir em Toronto (Canad\u00e1). Em 2020, o Pr\u00e9mio Imprensa Nacional\/Ferreira de Castro distinguiu M\u00f3nica Auer, portuguesa a residir na Alemanha, pelo seu trabalho em poesia <em>A Parte pelo Todo<\/em>. Em 2021, o pr\u00e9mio foi entregue a Alexandra Barreiros, portuguesa a residir em Genebra, na Su\u00ed\u00e7a, pelo seu trabalho <em>O Resto do Meu Nome<\/em>, e distinguiu tamb\u00e9m duas men\u00e7\u00f5es honrosas: <em>A Esquecida Hist\u00f3ria de Hans Wolf <\/em>(romance), de Liliana China (portuguesa a residir na B\u00e9lgica), e <em>A Carta de M\u00e9nides <\/em>(poesia), de Lu\u00eds Lereno (portugu\u00eas a residir em Inglaterra). <em>Ningu\u00e9m volta ao que deixou, <\/em>de Paulo Rodrigues Ferreira (portugu\u00eas a residir nos Estados Unidos da Am\u00e9rica) foi a obra galardoada na edi\u00e7\u00e3o do ano passado (em publica\u00e7\u00e3o).\r\n\r\nAl\u00e9m de homenagear a figura incontorn\u00e1vel e exemplar de Ferreira de Castro, o Pr\u00e9mio Imprensa Nacional\/Ferreira de Castro pretende refor\u00e7ar os v\u00ednculos de perten\u00e7a \u00e0 l\u00edngua e cultura portuguesas e estimular a participa\u00e7\u00e3o de lusodescendentes e portugueses a residir no estrangeiro, prestando, assim, \u00e0s comunidades portuguesas dispersas pelo mundo o justo reconhecimento pelas atividades que desenvolvem nos seus pa\u00edses de acolhimento.\r\n\r\nO Regulamento do Pr\u00e9mio Imprensa Nacional\/Ferreira de Castro pode ser consultado <a href=\"https:\/\/imprensanacional.pt\/wp-content\/uploads\/2022\/06\/PDF_Reg_Premio-Ferreira-de-Castro.pdf\">aqui<\/a>.","_et_gb_content_width":"","footnotes":""},"categories":[26],"tags":[],"class_list":["post-18411","post","type-post","status-publish","format-standard","has-post-thumbnail","hentry","category-cultura"],"acf":[],"_links":{"self":[{"href":"https:\/\/incm.pt\/site\/wp-json\/wp\/v2\/posts\/18411","targetHints":{"allow":["GET"]}}],"collection":[{"href":"https:\/\/incm.pt\/site\/wp-json\/wp\/v2\/posts"}],"about":[{"href":"https:\/\/incm.pt\/site\/wp-json\/wp\/v2\/types\/post"}],"author":[{"embeddable":true,"href":"https:\/\/incm.pt\/site\/wp-json\/wp\/v2\/users\/16"}],"replies":[{"embeddable":true,"href":"https:\/\/incm.pt\/site\/wp-json\/wp\/v2\/comments?post=18411"}],"version-history":[{"count":3,"href":"https:\/\/incm.pt\/site\/wp-json\/wp\/v2\/posts\/18411\/revisions"}],"predecessor-version":[{"id":18468,"href":"https:\/\/incm.pt\/site\/wp-json\/wp\/v2\/posts\/18411\/revisions\/18468"}],"wp:featuredmedia":[{"embeddable":true,"href":"https:\/\/incm.pt\/site\/wp-json\/wp\/v2\/media\/18412"}],"wp:attachment":[{"href":"https:\/\/incm.pt\/site\/wp-json\/wp\/v2\/media?parent=18411"}],"wp:term":[{"taxonomy":"category","embeddable":true,"href":"https:\/\/incm.pt\/site\/wp-json\/wp\/v2\/categories?post=18411"},{"taxonomy":"post_tag","embeddable":true,"href":"https:\/\/incm.pt\/site\/wp-json\/wp\/v2\/tags?post=18411"}],"curies":[{"name":"wp","href":"https:\/\/api.w.org\/{rel}","templated":true}]}}