{"id":17694,"date":"2023-07-20T16:51:10","date_gmt":"2023-07-20T16:51:10","guid":{"rendered":"https:\/\/incm.pt\/site\/?p=17694"},"modified":"2023-07-20T16:51:10","modified_gmt":"2023-07-20T16:51:10","slug":"lancamento-da-moeda-comemorativa-da-jornada-mundial-da-juventude-lisboa-2023","status":"publish","type":"post","link":"https:\/\/incm.pt\/site\/lancamento-da-moeda-comemorativa-da-jornada-mundial-da-juventude-lisboa-2023\/","title":{"rendered":"Lan\u00e7amento da moeda comemorativa da Jornada Mundial da Juventude &#8211; Lisboa 2023"},"content":{"rendered":"<p>A moeda corrente comemorativa da Jornada Mundial da Juventude &#8211; Lisboa 2023, da autoria do escultor Jo\u00e3o Duarte, foi ontem apresentada na Igreja Nossa Senhora dos Navegantes, em Lisboa.<\/p>\n<p>Esta sess\u00e3o, onde foi tamb\u00e9m apresentado o selo comemorativo da JMJ 2023, contou com interven\u00e7\u00f5es do bispo auxiliar de Lisboa, D. Am\u00e9rico Aguiar, da presidente do Conselho de Administra\u00e7\u00e3o da Imprensa Nacional-Casa da Moeda, Dora Moita, e do CEO dos CTT, Jo\u00e3o Bento.<\/p>\n<p>De acordo com o escultor Jo\u00e3o Duarte, as figuras foram idealizadas de diversos tamanhos e de v\u00e1rios relevos, uns lisos e outros com alguma textura, simbolizando o sentido de multietnicidade, inclus\u00e3o e universalidade dos jovens na Jornada. As duas m\u00e3os, tamb\u00e9m com relevos distintos, simbolizam a presen\u00e7a e a comunh\u00e3o com o Papa neste encontro.<\/p>\n<p>Com o valor facial de 2\u20ac, esta moeda, emitida pela Rep\u00fablica Portuguesa, conta com uma emiss\u00e3o limitada a 7500 exemplares com acabamento BNC (brilhante n\u00e3o circulada), 7500 em acabamento proof (prova numism\u00e1tica) e 1 milh\u00e3o de exemplares de moeda corrente em acabamento bimet\u00e1lico normal, destinada \u00e0 circula\u00e7\u00e3o, para que, de uma forma ou outra, este evento passe pelas m\u00e3os de todos.<\/p>\n<p>A Jornada Mundial da Juventude \u00e9 um encontro internacional de jovens provenientes de todo o mundo, que em 2023 decorrer\u00e1 em Lisboa, e que promete reunir jovens de todas as partes do mundo numa jornada espiritual, de celebra\u00e7\u00e3o e de reflex\u00e3o.<\/p>\n","protected":false},"excerpt":{"rendered":"<p>A moeda corrente comemorativa da Jornada Mundial da Juventude &#8211; Lisboa 2023, da autoria do escultor Jo\u00e3o Duarte, foi ontem apresentada na Igreja Nossa Senhora dos Navegantes, em Lisboa. Esta sess\u00e3o, onde foi tamb\u00e9m apresentado o selo comemorativo da JMJ 2023, contou com interven\u00e7\u00f5es do bispo auxiliar de Lisboa, D. Am\u00e9rico Aguiar, da presidente do [&hellip;]<\/p>\n","protected":false},"author":16,"featured_media":17695,"comment_status":"open","ping_status":"open","sticky":false,"template":"","format":"standard","meta":{"_acf_changed":false,"_et_pb_use_builder":"","_et_pb_old_content":"","_et_gb_content_width":"","footnotes":""},"categories":[20],"tags":[],"class_list":["post-17694","post","type-post","status-publish","format-standard","has-post-thumbnail","hentry","category-numismatica"],"acf":[],"_links":{"self":[{"href":"https:\/\/incm.pt\/site\/wp-json\/wp\/v2\/posts\/17694","targetHints":{"allow":["GET"]}}],"collection":[{"href":"https:\/\/incm.pt\/site\/wp-json\/wp\/v2\/posts"}],"about":[{"href":"https:\/\/incm.pt\/site\/wp-json\/wp\/v2\/types\/post"}],"author":[{"embeddable":true,"href":"https:\/\/incm.pt\/site\/wp-json\/wp\/v2\/users\/16"}],"replies":[{"embeddable":true,"href":"https:\/\/incm.pt\/site\/wp-json\/wp\/v2\/comments?post=17694"}],"version-history":[{"count":0,"href":"https:\/\/incm.pt\/site\/wp-json\/wp\/v2\/posts\/17694\/revisions"}],"wp:featuredmedia":[{"embeddable":true,"href":"https:\/\/incm.pt\/site\/wp-json\/wp\/v2\/media\/17695"}],"wp:attachment":[{"href":"https:\/\/incm.pt\/site\/wp-json\/wp\/v2\/media?parent=17694"}],"wp:term":[{"taxonomy":"category","embeddable":true,"href":"https:\/\/incm.pt\/site\/wp-json\/wp\/v2\/categories?post=17694"},{"taxonomy":"post_tag","embeddable":true,"href":"https:\/\/incm.pt\/site\/wp-json\/wp\/v2\/tags?post=17694"}],"curies":[{"name":"wp","href":"https:\/\/api.w.org\/{rel}","templated":true}]}}