{"id":16190,"date":"2023-05-26T11:06:33","date_gmt":"2023-05-26T11:06:33","guid":{"rendered":"https:\/\/incm.pt\/site\/?p=16190"},"modified":"2023-05-26T11:10:25","modified_gmt":"2023-05-26T11:10:25","slug":"imprensa-nacional-presente-na-93-a-feira-do-livro-de-lisboa","status":"publish","type":"post","link":"https:\/\/incm.pt\/site\/imprensa-nacional-presente-na-93-a-feira-do-livro-de-lisboa\/","title":{"rendered":"Imprensa Nacional presente na 93.\u00aa Feira do Livro de Lisboa"},"content":{"rendered":"<p>[et_pb_section fb_built=&#8221;1&#8243; admin_label=&#8221;section&#8221; _builder_version=&#8221;4.16&#8243; global_colors_info=&#8221;{}&#8221; theme_builder_area=&#8221;post_content&#8221;][et_pb_row admin_label=&#8221;row&#8221; _builder_version=&#8221;4.16&#8243; background_size=&#8221;initial&#8221; background_position=&#8221;top_left&#8221; background_repeat=&#8221;repeat&#8221; global_colors_info=&#8221;{}&#8221; theme_builder_area=&#8221;post_content&#8221;][et_pb_column type=&#8221;4_4&#8243; _builder_version=&#8221;4.16&#8243; custom_padding=&#8221;|||&#8221; global_colors_info=&#8221;{}&#8221; custom_padding__hover=&#8221;|||&#8221; theme_builder_area=&#8221;post_content&#8221;][et_pb_text admin_label=&#8221;Text&#8221; _builder_version=&#8221;4.19.5&#8243; background_size=&#8221;initial&#8221; background_position=&#8221;top_left&#8221; background_repeat=&#8221;repeat&#8221; hover_enabled=&#8221;0&#8243; global_colors_info=&#8221;{}&#8221; theme_builder_area=&#8221;post_content&#8221; sticky_enabled=&#8221;0&#8243;]<\/p>\n<p>A Feira do Livro de Lisboa regressa este ano ao Parque Eduardo VII para celebrar a literatura e os livros, entre os dias 25 de maio e 11 de junho. A Imprensa Nacional, que marca presen\u00e7a na Feira do Livro de Lisboa desde 1972 (mantendo uma presen\u00e7a regular no evento), est\u00e1 nos pavilh\u00f5es <strong>D22 e D23<\/strong>.<\/p>\n<p>A 93.\u00aa edi\u00e7\u00e3o da Feira do Livro de Lisboa conta com 981 marcas editoriais representadas por 139 participantes \u2013 incluindo seis novos \u2013 distribu\u00eddos por 340 pavilh\u00f5es e um renovado Espa\u00e7o dos Pequenos Editores.<\/p>\n<p>A programa\u00e7\u00e3o cultural da 93.\u00aa edi\u00e7\u00e3o da Feira do Livro de Lisboa \u00e9 um dos pontos altos do certame. S\u00e3o esperadas as presen\u00e7as de v\u00e1rios autores internacionais e a realiza\u00e7\u00e3o de mais de 2000 eventos. Quanto a apresenta\u00e7\u00f5es de livros com a chancela da Imprensa Nacional est\u00e3o confirmadas as seguintes:<\/p>\n<p><a href=\"https:\/\/imprensanacional.pt\/agenda\/93-a-feira-do-livro-de-lisboa-como-um-segredo-na-boca-do-universo-de-jose-luiz-tavares\/\" target=\"_blank\" rel=\"noopener\">Dia 27 de maio, s\u00e1bado, pelas 13h00, no Palco da Pra\u00e7a Amarela, apresenta\u00e7\u00e3o do livro\u00a0<em>Como Um Segredo na Boca do Universo<\/em>, de Jos\u00e9 Luiz Tavares.<\/a><\/p>\n<p><a href=\"https:\/\/imprensanacional.pt\/agenda\/489442\/\" target=\"_blank\" rel=\"noopener\">Dois dias depois, a dia 29 de maio, pelas 18h00, no Palco da Pra\u00e7a Amarela, tem lugar a apresenta\u00e7\u00e3o da obra distinguida com o Pr\u00e9mio IN\/Eug\u00e9nio Lisboa,\u00a0<em>Marizza<\/em>, de M\u00e9lio Tinga.<\/a><\/p>\n<p><a href=\"https:\/\/imprensanacional.pt\/agenda\/93-a-feira-do-livro-de-lisboa-o-vazio-de-um-ceu-sem-hinos-de-david-bene\/\" target=\"_blank\" rel=\"noopener\">E, finalmente, a 31 de maio, pelas 18h00, tamb\u00e9m no Palco da Pra\u00e7a Amarela, tem lugar a apresenta\u00e7\u00e3o da obra distinguida com o Pr\u00e9mio IN\/Vasco Gra\u00e7a Moura,\u00a0O Vazio de Um C\u00e9u Sem Hinos, de David Bene.<\/a><\/p>\n<p>Venha visitar-nos e aproveite para vir conhecer as nossas iniciativas (Hora H, Livro do Dia, Dia da Crian\u00e7a, Dia de Portugal\u2026) e descontos, que v\u00e3o dos 20% aos 80%, e, claro, venha conhecer tamb\u00e9m as nossas muitas novidades!<\/p>\n<p><strong>Hor\u00e1rio Feira do Livro de Lisboa<\/strong><\/p>\n<p>Segunda a quinta-feira, das 12h30 \u00e0s 22h | sextas-feiras e v\u00e9speras de feriados, das 12h30 \u00e0s 23h | s\u00e1bados, das 11h \u00e0s 23h | domingos e feriados, das 11h \u00e0s 22h.<\/p>\n<p>[\/et_pb_text][\/et_pb_column][\/et_pb_row][\/et_pb_section]<\/p>\n","protected":false},"excerpt":{"rendered":"<p>A Feira do Livro de Lisboa regressa este ano ao Parque Eduardo VII para celebrar a literatura e os livros, entre os dias 25 de maio e 11 de junho. A Imprensa Nacional, que marca presen\u00e7a na Feira do Livro de Lisboa desde 1972 (mantendo uma presen\u00e7a regular no evento), est\u00e1 nos pavilh\u00f5es D22 e [&hellip;]<\/p>\n","protected":false},"author":16,"featured_media":16186,"comment_status":"open","ping_status":"open","sticky":false,"template":"","format":"standard","meta":{"_acf_changed":false,"_et_pb_use_builder":"on","_et_pb_old_content":"A Feira do Livro de Lisboa regressa este ano ao Parque Eduardo VII para celebrar a literatura e os livros, entre os dias 25 de maio e 11 de junho. A Imprensa Nacional, que marca presen\u00e7a na Feira do Livro de Lisboa desde 1972 (mantendo uma presen\u00e7a regular no evento), est\u00e1 nos pavilh\u00f5es <strong>D22 e D23<\/strong>.\r\n\r\nA 93.\u00aa edi\u00e7\u00e3o da Feira do Livro de Lisboa conta com 981 marcas editoriais representadas por 139 participantes \u2013 incluindo seis novos \u2013 distribu\u00eddos por 340 pavilh\u00f5es e um renovado Espa\u00e7o dos Pequenos Editores.\r\n\r\nA programa\u00e7\u00e3o cultural da 93.\u00aa edi\u00e7\u00e3o da Feira do Livro de Lisboa \u00e9 um dos pontos altos do certame. S\u00e3o esperadas as presen\u00e7as de v\u00e1rios autores internacionais e a realiza\u00e7\u00e3o de mais de 2000 eventos. Quanto a apresenta\u00e7\u00f5es de livros com a chancela da Imprensa Nacional est\u00e3o confirmadas as seguintes:\r\n\r\n<a href=\"https:\/\/imprensanacional.pt\/agenda\/93-a-feira-do-livro-de-lisboa-como-um-segredo-na-boca-do-universo-de-jose-luiz-tavares\/\"><strong>Dia 27 de maio, s\u00e1bado, pelas 13h00, no Palco da Pra\u00e7a Amarela, apresenta\u00e7\u00e3o do livro\u00a0<\/strong><em>Como Um Segredo na Boca do Universo<\/em><strong>, de Jos\u00e9 Luiz Tavares.<\/strong><\/a>\r\n\r\n<a href=\"https:\/\/imprensanacional.pt\/agenda\/489442\/\"><strong>Dois dias depois, a dia 29 de maio, pelas 18h00, no Palco da Pra\u00e7a Amarela, tem lugar a apresenta\u00e7\u00e3o da obra distinguida com o Pr\u00e9mio IN\/Eug\u00e9nio Lisboa,\u00a0<\/strong><em>Marizza<\/em><strong>, de M\u00e9lio Tinga.<\/strong><\/a>\r\n\r\n<a href=\"https:\/\/imprensanacional.pt\/agenda\/93-a-feira-do-livro-de-lisboa-o-vazio-de-um-ceu-sem-hinos-de-david-bene\/\"><strong>E, finalmente, a 31 de maio, pelas 18h00, tamb\u00e9m no Palco da Pra\u00e7a Amarela, tem lugar a apresenta\u00e7\u00e3o da obra distinguida com o Pr\u00e9mio IN\/Vasco Gra\u00e7a Moura,\u00a0O Vazio de Um C\u00e9u Sem Hinos, de David Bene.<\/strong><\/a>\r\n\r\nVenha visitar-nos e aproveite para vir conhecer as nossas iniciativas (Hora H, Livro do Dia, Dia da Crian\u00e7a, Dia de Portugal\u2026) e descontos, que v\u00e3o dos 20% aos 80%, e, claro, venha conhecer tamb\u00e9m as nossas muitas novidades!\r\n\r\n<strong>Hor\u00e1rio Feira do Livro de Lisboa<\/strong>\r\n\r\nSegunda a quinta-feira, das 12h30 \u00e0s 22h | sextas-feiras e v\u00e9speras de feriados, das 12h30 \u00e0s 23h | s\u00e1bados, das 11h \u00e0s 23h | domingos e feriados, das 11h \u00e0s 22h.","_et_gb_content_width":"","footnotes":""},"categories":[26],"tags":[],"class_list":["post-16190","post","type-post","status-publish","format-standard","has-post-thumbnail","hentry","category-cultura"],"acf":[],"_links":{"self":[{"href":"https:\/\/incm.pt\/site\/wp-json\/wp\/v2\/posts\/16190","targetHints":{"allow":["GET"]}}],"collection":[{"href":"https:\/\/incm.pt\/site\/wp-json\/wp\/v2\/posts"}],"about":[{"href":"https:\/\/incm.pt\/site\/wp-json\/wp\/v2\/types\/post"}],"author":[{"embeddable":true,"href":"https:\/\/incm.pt\/site\/wp-json\/wp\/v2\/users\/16"}],"replies":[{"embeddable":true,"href":"https:\/\/incm.pt\/site\/wp-json\/wp\/v2\/comments?post=16190"}],"version-history":[{"count":0,"href":"https:\/\/incm.pt\/site\/wp-json\/wp\/v2\/posts\/16190\/revisions"}],"wp:featuredmedia":[{"embeddable":true,"href":"https:\/\/incm.pt\/site\/wp-json\/wp\/v2\/media\/16186"}],"wp:attachment":[{"href":"https:\/\/incm.pt\/site\/wp-json\/wp\/v2\/media?parent=16190"}],"wp:term":[{"taxonomy":"category","embeddable":true,"href":"https:\/\/incm.pt\/site\/wp-json\/wp\/v2\/categories?post=16190"},{"taxonomy":"post_tag","embeddable":true,"href":"https:\/\/incm.pt\/site\/wp-json\/wp\/v2\/tags?post=16190"}],"curies":[{"name":"wp","href":"https:\/\/api.w.org\/{rel}","templated":true}]}}