{"id":15652,"date":"2023-04-13T10:40:19","date_gmt":"2023-04-13T10:40:19","guid":{"rendered":"https:\/\/incm.pt\/site\/?p=15652"},"modified":"2023-04-13T11:14:19","modified_gmt":"2023-04-13T11:14:19","slug":"incm-apresenta-resultados-de-2022","status":"publish","type":"post","link":"https:\/\/incm.pt\/site\/incm-apresenta-resultados-de-2022\/","title":{"rendered":"INCM apresenta resultados de 2022"},"content":{"rendered":"<p><strong>\u00a0<\/strong>O ano de 2022 representou um per\u00edodo de recupera\u00e7\u00e3o da atividade da INCM, com um progressivo aumento dos neg\u00f3cios internacionais, apesar dos desafios colocados \u00e0 sociedade e \u00e0 economia, com destaque para o conflito na Ucr\u00e2nia, para a escassez de mat\u00e9rias-primas e para a press\u00e3o inflacionista.<\/p>\n<p>Em 2022, a INCM registou um volume de neg\u00f3cios de 118 milh\u00f5es de euros e um resultado l\u00edquido positivo de 20,4 milh\u00f5es de euros, o que representa um aumento de 24% face ao resultado l\u00edquido registado no ano anterior.<\/p>\n<p>A INCM conseguiu atingir uma taxa de execu\u00e7\u00e3o de 99,96% do seu plano de investimentos para o ano 2022, no valor de 14,99 M\u20ac.<\/p>\n<p>A aposta estrat\u00e9gica da empresa na internacionaliza\u00e7\u00e3o e na inova\u00e7\u00e3o materializou-se em exporta\u00e7\u00f5es, de bens e servi\u00e7os correntes, no valor de 14,7 M\u20ac (mais 6,7 M\u20ac do que o verificado em 2021) e no registo de seis pedidos de patentes.<\/p>\n<p>Consulte aqui o <a href=\"https:\/\/incm.pt\/site\/wp-content\/uploads\/2023\/04\/relatoriocontas2022.pdf\">Relat\u00f3rio e Contas 2022<\/a>.<\/p>\n","protected":false},"excerpt":{"rendered":"<p>\u00a0O ano de 2022 representou um per\u00edodo de recupera\u00e7\u00e3o da atividade da INCM, com um progressivo aumento dos neg\u00f3cios internacionais, apesar dos desafios colocados \u00e0 sociedade e \u00e0 economia, com destaque para o conflito na Ucr\u00e2nia, para a escassez de mat\u00e9rias-primas e para a press\u00e3o inflacionista. Em 2022, a INCM registou um volume de neg\u00f3cios [&hellip;]<\/p>\n","protected":false},"author":16,"featured_media":15648,"comment_status":"open","ping_status":"open","sticky":false,"template":"","format":"standard","meta":{"_acf_changed":false,"_et_pb_use_builder":"","_et_pb_old_content":"","_et_gb_content_width":"","footnotes":""},"categories":[19],"tags":[],"class_list":["post-15652","post","type-post","status-publish","format-standard","has-post-thumbnail","hentry","category-institucional"],"acf":[],"_links":{"self":[{"href":"https:\/\/incm.pt\/site\/wp-json\/wp\/v2\/posts\/15652","targetHints":{"allow":["GET"]}}],"collection":[{"href":"https:\/\/incm.pt\/site\/wp-json\/wp\/v2\/posts"}],"about":[{"href":"https:\/\/incm.pt\/site\/wp-json\/wp\/v2\/types\/post"}],"author":[{"embeddable":true,"href":"https:\/\/incm.pt\/site\/wp-json\/wp\/v2\/users\/16"}],"replies":[{"embeddable":true,"href":"https:\/\/incm.pt\/site\/wp-json\/wp\/v2\/comments?post=15652"}],"version-history":[{"count":0,"href":"https:\/\/incm.pt\/site\/wp-json\/wp\/v2\/posts\/15652\/revisions"}],"wp:featuredmedia":[{"embeddable":true,"href":"https:\/\/incm.pt\/site\/wp-json\/wp\/v2\/media\/15648"}],"wp:attachment":[{"href":"https:\/\/incm.pt\/site\/wp-json\/wp\/v2\/media?parent=15652"}],"wp:term":[{"taxonomy":"category","embeddable":true,"href":"https:\/\/incm.pt\/site\/wp-json\/wp\/v2\/categories?post=15652"},{"taxonomy":"post_tag","embeddable":true,"href":"https:\/\/incm.pt\/site\/wp-json\/wp\/v2\/tags?post=15652"}],"curies":[{"name":"wp","href":"https:\/\/api.w.org\/{rel}","templated":true}]}}