{"id":14827,"date":"2023-02-17T09:29:51","date_gmt":"2023-02-17T09:29:51","guid":{"rendered":"https:\/\/incm.pt\/site\/?p=14827"},"modified":"2023-02-17T09:29:51","modified_gmt":"2023-02-17T09:29:51","slug":"novidades-editoriais-para-2023","status":"publish","type":"post","link":"https:\/\/incm.pt\/site\/novidades-editoriais-para-2023\/","title":{"rendered":"Novidades editoriais para 2023"},"content":{"rendered":"<p>O Plano Editorial da Imprensa Nacional para 2023 foi apresentado, no dia 15 de fevereiro, na Biblioteca da Imprensa Nacional, onde o diretor de Edi\u00e7\u00e3o e Cultura da INCM, Duarte Azinheira, anunciou os principais eixos program\u00e1ticos e os projetos mais relevantes da editora p\u00fablica para este ano.<\/p>\n<p>Durante a sess\u00e3o, que contou com a presen\u00e7a do Secret\u00e1rio de Estado do Tesouro, Pedro Sousa Rodrigues, e de Dora Moita e Alcides Gama, do Conselho de Administra\u00e7\u00e3o da INCM, Duarte Azinheira afirmou que, em 2023, a editora p\u00fablica portuguesa prosseguir\u00e1 leal aos princ\u00edpios da sua miss\u00e3o de servi\u00e7o p\u00fablico \u2014 publicar obras essenciais da cultura nacional e universal e preservar, promover e ampliar o patrim\u00f3nio bibliogr\u00e1fico da l\u00edngua portuguesa \u2014 e disponibilizar\u00e1 um conjunto vasto de novidades.<\/p>\n<p>A come\u00e7ar pela, h\u00e1 j\u00e1 muito aguardada, edi\u00e7\u00e3o cr\u00edtica, amplamente anotada, de<em>\u00a0<\/em><em>Lus\u00edadas<\/em>, de Lu\u00eds Vaz de Cam\u00f5es.\u00a0 Esta \u00e9 uma edi\u00e7\u00e3o que se insere no \u00e2mbito das comemora\u00e7\u00f5es do quinto centen\u00e1rio do nascimento do poeta e que ser\u00e1 preparada por uma equipa de especialistas luso-brasileiros coordenada por Jos\u00e9 Carlos Seabra Pereira.<\/p>\n<p><a href=\"https:\/\/imprensanacional.pt\/2023-mais-um-ano-cheio-de-novidades-editoriais\/\" target=\"_blank\" rel=\"noopener\">Ler mais<\/a><\/p>\n","protected":false},"excerpt":{"rendered":"<p>O Plano Editorial da Imprensa Nacional para 2023 foi apresentado, no dia 15 de fevereiro, na Biblioteca da Imprensa Nacional, onde o diretor de Edi\u00e7\u00e3o e Cultura da INCM, Duarte Azinheira, anunciou os principais eixos program\u00e1ticos e os projetos mais relevantes da editora p\u00fablica para este ano. Durante a sess\u00e3o, que contou com a presen\u00e7a [&hellip;]<\/p>\n","protected":false},"author":16,"featured_media":14828,"comment_status":"open","ping_status":"open","sticky":false,"template":"","format":"standard","meta":{"_acf_changed":false,"_et_pb_use_builder":"","_et_pb_old_content":"","_et_gb_content_width":"","footnotes":""},"categories":[26],"tags":[],"class_list":["post-14827","post","type-post","status-publish","format-standard","has-post-thumbnail","hentry","category-cultura"],"acf":[],"_links":{"self":[{"href":"https:\/\/incm.pt\/site\/wp-json\/wp\/v2\/posts\/14827","targetHints":{"allow":["GET"]}}],"collection":[{"href":"https:\/\/incm.pt\/site\/wp-json\/wp\/v2\/posts"}],"about":[{"href":"https:\/\/incm.pt\/site\/wp-json\/wp\/v2\/types\/post"}],"author":[{"embeddable":true,"href":"https:\/\/incm.pt\/site\/wp-json\/wp\/v2\/users\/16"}],"replies":[{"embeddable":true,"href":"https:\/\/incm.pt\/site\/wp-json\/wp\/v2\/comments?post=14827"}],"version-history":[{"count":0,"href":"https:\/\/incm.pt\/site\/wp-json\/wp\/v2\/posts\/14827\/revisions"}],"wp:featuredmedia":[{"embeddable":true,"href":"https:\/\/incm.pt\/site\/wp-json\/wp\/v2\/media\/14828"}],"wp:attachment":[{"href":"https:\/\/incm.pt\/site\/wp-json\/wp\/v2\/media?parent=14827"}],"wp:term":[{"taxonomy":"category","embeddable":true,"href":"https:\/\/incm.pt\/site\/wp-json\/wp\/v2\/categories?post=14827"},{"taxonomy":"post_tag","embeddable":true,"href":"https:\/\/incm.pt\/site\/wp-json\/wp\/v2\/tags?post=14827"}],"curies":[{"name":"wp","href":"https:\/\/api.w.org\/{rel}","templated":true}]}}