{"id":14361,"date":"2023-01-20T15:47:18","date_gmt":"2023-01-20T15:47:18","guid":{"rendered":"https:\/\/incm.pt\/site\/?p=14361"},"modified":"2023-02-01T15:36:27","modified_gmt":"2023-02-01T15:36:27","slug":"imprensa-nacional-da-a-conhecer-pecas-perdidas-do-teatro-de-revista-em-portugal","status":"publish","type":"post","link":"https:\/\/incm.pt\/site\/imprensa-nacional-da-a-conhecer-pecas-perdidas-do-teatro-de-revista-em-portugal\/","title":{"rendered":"Imprensa Nacional d\u00e1 a conhecer pe\u00e7as \u00abperdidas\u00bb do teatro de revista em Portugal"},"content":{"rendered":"<p>O livro <em>Teatro de Revista em Portugal: Revistas \u00abPerdidas\u00bb e Outras (1851-1868)<\/em>, da autoria de Eug\u00e9nia Vasques (coordenadora cient\u00edfica), Paulo Morais-Alexandre, David Cranmer e Lu\u00edsa Lous\u00e3 Marques, foi apresentado na Biblioteca da Imprensa Nacional no dia 18 de janeiro.<\/p>\n<p>A obra, com chancela da Imprensa Nacional, \u00e9 um contributo para a preserva\u00e7\u00e3o e divulga\u00e7\u00e3o de importantes in\u00e9ditos da hist\u00f3ria do teatro de revista em Portugal e foi apresentada pelo encenador-autor Filipe La F\u00e9ria, numa sess\u00e3o que contou ainda com a presen\u00e7a de Eug\u00e9nia Vasques, Ant\u00f3nio Belo, em representa\u00e7\u00e3o do Instituto Polit\u00e9cnico de Lisboa, parceiro da edi\u00e7\u00e3o, e Duarte Azinheira, diretor de Edi\u00e7\u00e3o e Cultura da INCM.<\/p>\n","protected":false},"excerpt":{"rendered":"<p>O livro Teatro de Revista em Portugal: Revistas \u00abPerdidas\u00bb e Outras (1851-1868), da autoria de Eug\u00e9nia Vasques (coordenadora cient\u00edfica), Paulo Morais-Alexandre, David Cranmer e Lu\u00edsa Lous\u00e3 Marques, foi apresentado na Biblioteca da Imprensa Nacional no dia 18 de janeiro. A obra, com chancela da Imprensa Nacional, \u00e9 um contributo para a preserva\u00e7\u00e3o e divulga\u00e7\u00e3o de [&hellip;]<\/p>\n","protected":false},"author":9,"featured_media":14362,"comment_status":"open","ping_status":"open","sticky":false,"template":"","format":"standard","meta":{"_acf_changed":false,"_et_pb_use_builder":"off","_et_pb_old_content":"O livro <em>Teatro de Revista em Portugal: Revistas \u00abPerdidas\u00bb e Outras (1851-1868)<\/em>, da autoria de Eug\u00e9nia Vasques (coordenadora cient\u00edfica), Paulo Morais-Alexandre, David Cranmer e Lu\u00edsa Lous\u00e3 Marques, foi apresentado na Biblioteca da Imprensa Nacional no dia 18 de janeiro.\r\n\r\nA obra, com chancela da Impresa Nacional, \u00e9 um contributo para a preserva\u00e7\u00e3o e divulga\u00e7\u00e3o de importantes in\u00e9ditos da hist\u00f3ria do teatro de revista em Portugal e foi apresentada pelo encenador-autor Filipe La F\u00e9ria, numa sess\u00e3o que contou ainda com a presen\u00e7a de Eug\u00e9nia Vasques, Ant\u00f3nio Belo, em representa\u00e7\u00e3o do Instituto Polit\u00e9cnico de Lisboa, parceiro da edi\u00e7\u00e3o, e Duarte Azinheira, diretor de Edi\u00e7\u00e3o e Cultura da INCM.","_et_gb_content_width":"","footnotes":""},"categories":[19],"tags":[],"class_list":["post-14361","post","type-post","status-publish","format-standard","has-post-thumbnail","hentry","category-institucional"],"acf":[],"_links":{"self":[{"href":"https:\/\/incm.pt\/site\/wp-json\/wp\/v2\/posts\/14361","targetHints":{"allow":["GET"]}}],"collection":[{"href":"https:\/\/incm.pt\/site\/wp-json\/wp\/v2\/posts"}],"about":[{"href":"https:\/\/incm.pt\/site\/wp-json\/wp\/v2\/types\/post"}],"author":[{"embeddable":true,"href":"https:\/\/incm.pt\/site\/wp-json\/wp\/v2\/users\/9"}],"replies":[{"embeddable":true,"href":"https:\/\/incm.pt\/site\/wp-json\/wp\/v2\/comments?post=14361"}],"version-history":[{"count":0,"href":"https:\/\/incm.pt\/site\/wp-json\/wp\/v2\/posts\/14361\/revisions"}],"wp:featuredmedia":[{"embeddable":true,"href":"https:\/\/incm.pt\/site\/wp-json\/wp\/v2\/media\/14362"}],"wp:attachment":[{"href":"https:\/\/incm.pt\/site\/wp-json\/wp\/v2\/media?parent=14361"}],"wp:term":[{"taxonomy":"category","embeddable":true,"href":"https:\/\/incm.pt\/site\/wp-json\/wp\/v2\/categories?post=14361"},{"taxonomy":"post_tag","embeddable":true,"href":"https:\/\/incm.pt\/site\/wp-json\/wp\/v2\/tags?post=14361"}],"curies":[{"name":"wp","href":"https:\/\/api.w.org\/{rel}","templated":true}]}}