{"id":101624,"date":"2026-08-31T09:51:25","date_gmt":"2026-08-31T09:51:25","guid":{"rendered":"https:\/\/incm.pt\/site\/?p=101624"},"modified":"2026-08-31T09:51:25","modified_gmt":"2026-08-31T09:51:25","slug":"premio-literario-infantojuvenil-manuel-lopes-3-a-edicao-escolhido-o-texto-vencedor-abrem-as-candidaturas-a-fase-de-ilustracao","status":"publish","type":"post","link":"https:\/\/incm.pt\/site\/premio-literario-infantojuvenil-manuel-lopes-3-a-edicao-escolhido-o-texto-vencedor-abrem-as-candidaturas-a-fase-de-ilustracao\/","title":{"rendered":"Pr\u00e9mio Liter\u00e1rio Infantojuvenil Manuel Lopes (3.\u00aa edi\u00e7\u00e3o): escolhido o texto vencedor, abrem as candidaturas \u00e0 fase de ilustra\u00e7\u00e3o"},"content":{"rendered":"<p>De 1 de setembro a 30 de novembro, est\u00e3o abertas as candidaturas \u00e0 <strong>fase de Ilustra\u00e7\u00e3o<\/strong> da 3.\u00aa edi\u00e7\u00e3o do <strong>Pr\u00e9mio Liter\u00e1rio Infantojuvenil Manuel Lopes<\/strong>, institu\u00eddo pela Imprensa Nacional-Casa da Moeda (INCM) em parceria com o Instituto da Biblioteca Nacional de Cabo Verde (BNCV).<\/p>\n<p>Podem concorrer autores cabo-verdianos ou estrangeiros a residir em Cabo Verde, que dever\u00e3o apresentar as suas ilustra\u00e7\u00f5es exclusivamente <em>online<\/em>, no s\u00edtio da Imprensa Nacional, preenchendo o seguinte <a href=\"https:\/\/imprensanacional.pt\/premios-literarios\/premio-literario-infantojuvenil-manuel-lopes\/candidatura-ao-premio-literario-infantojuvenil-manuel-lopes\/\" target=\"_blank\" rel=\"noopener\">formul\u00e1rio de candidatura<\/a>.<\/p>\n<p>Os trabalhos dever\u00e3o ser in\u00e9ditos e ilustrar a obra <a href=\"https:\/\/imprensanacional.pt\/wp-content\/uploads\/2026\/08\/Julio-o-rapaz-desaparecido.pdf\" target=\"_blank\" rel=\"noopener\"><strong><em>J\u00falio, o rapaz desaparecido<\/em><\/strong><\/a>, da autoria da luso-cabo-verdiana <strong>Paula Torres de Carvalho<\/strong>, vencedora da fase de Texto da presente edi\u00e7\u00e3o do Pr\u00e9mio, \u00abum conto em que surpreendemos imagina\u00e7\u00e3o e criatividade, para al\u00e9m da consagra\u00e7\u00e3o de valores sociais\u00bb, conforme real\u00e7a o j\u00fari desta fase do Pr\u00e9mio, composto por Germano Almeida (Presidente), Vera Duarte e Isabel Al\u00e7ada.<\/p>\n<p>Os ilustradores que pretendam concorrer podem solicitar o texto vencedor atrav\u00e9s do <em>email<\/em> <a href=\"mailto:premiosliterarios@incm.pt\">premiosliterarios@incm.pt<\/a> ou descarreg\u00e1-lo na <a href=\"https:\/\/imprensanacional.pt\/premios-literarios\/premio-literario-infantojuvenil-manuel-lopes\/\" target=\"_blank\" rel=\"noopener\">p\u00e1gina do Pr\u00e9mio<\/a>, onde poder\u00e3o tamb\u00e9m consultar o <a href=\"https:\/\/imprensanacional.pt\/wp-content\/uploads\/2026\/05\/Regulamento_Premio_infantojuvenil_Manuel-Lopes.pdf\" target=\"_blank\" rel=\"noopener\">regulamento<\/a>. A escolha dos trabalhos distinguidos na \u00e1rea da Ilustra\u00e7\u00e3o caber\u00e1 ao j\u00fari constitu\u00eddo por Elisabete \u201cBety\u201d Gon\u00e7alves, Tutu Sousa e Andr\u00e9 Letria.<\/p>\n<p>Sobrinha do conhecido poeta de Cabo Verde, Ov\u00eddio Martins, Paula Torres de Carvalho iniciou a sua carreira profissional no primeiro jornal cabo-verdiano ap\u00f3s a independ\u00eancia, <em>Voz di Povo<\/em>, na cidade da Praia, onde viveu. Foi tamb\u00e9m jornalista, em Portugal, no <em>P\u00fablico,<\/em> <em>Express<\/em>o, RTP, <em>Grande Reportagem<\/em> e <em>Jornal de Letras<\/em>.<\/p>\n<p>Com obra po\u00e9tica publicada, consta na Antologia de nov\u00edssimos poetas cabo-verdianos organizada por Jos\u00e9 Lu\u00eds Hopffer Almada, foi a vencedora dos Jogos Florais de Poesia de 1980 da cidade da Praia, assinando como \u201cPaula Martins\u201d e colaboradora da revista <em>Ra\u00edzes<\/em>. \u00c9 autora dos livros Hist\u00f3rias de Desencantar, os Afectos da Inquietude, <em>Uma Vida, uma D\u00e1diva<\/em> e <em>Emanuel Jardim Fernandes, o socialista da Madeira<\/em>, da \u00c2ncora Editora.<\/p>\n<p>Fundadora da equipa Produ\u00e7\u00f5es Mem\u00f3ria, Paula Torres de Carvalho dedica-se atualmente \u00e0 realiza\u00e7\u00e3o de biografias e produ\u00e7\u00e3o de espet\u00e1culos musicais relacionados com a hist\u00f3ria de Cabo Verde, entre os quais, \u201cN\u00f4s Terra \u00e9 pa n\u00f4s pove\u201d e \u201cO Campo de Ch\u00e3o Bom\u201d apresentados em Portugal.<\/p>\n<p>A INCM e a BNCV est\u00e3o convictas de que este Pr\u00e9mio \u00e9 um importante incentivo \u00e0 cria\u00e7\u00e3o liter\u00e1ria infantojuvenil em Cabo Verde, algo que veem como fundamental para garantir a preserva\u00e7\u00e3o e o desenvolvimento do patrim\u00f3nio comum da l\u00edngua portuguesa e para a forma\u00e7\u00e3o de jovens leitores, pois ser\u00e3o eles os leitores e autores das obras de amanh\u00e3.<\/p>\n","protected":false},"excerpt":{"rendered":"<p>De 1 de setembro a 30 de novembro, est\u00e3o abertas as candidaturas \u00e0 fase de Ilustra\u00e7\u00e3o da 3.\u00aa edi\u00e7\u00e3o do Pr\u00e9mio Liter\u00e1rio Infantojuvenil Manuel Lopes, institu\u00eddo pela Imprensa Nacional-Casa da Moeda (INCM) em parceria com o Instituto da Biblioteca Nacional de Cabo Verde (BNCV). Podem concorrer autores cabo-verdianos ou estrangeiros a residir em Cabo Verde, [&hellip;]<\/p>\n","protected":false},"author":16,"featured_media":101625,"comment_status":"open","ping_status":"open","sticky":false,"template":"","format":"standard","meta":{"_acf_changed":false,"_et_pb_use_builder":"","_et_pb_old_content":"","_et_gb_content_width":"","footnotes":""},"categories":[26],"tags":[],"class_list":["post-101624","post","type-post","status-publish","format-standard","has-post-thumbnail","hentry","category-cultura"],"acf":[],"_links":{"self":[{"href":"https:\/\/incm.pt\/site\/wp-json\/wp\/v2\/posts\/101624","targetHints":{"allow":["GET"]}}],"collection":[{"href":"https:\/\/incm.pt\/site\/wp-json\/wp\/v2\/posts"}],"about":[{"href":"https:\/\/incm.pt\/site\/wp-json\/wp\/v2\/types\/post"}],"author":[{"embeddable":true,"href":"https:\/\/incm.pt\/site\/wp-json\/wp\/v2\/users\/16"}],"replies":[{"embeddable":true,"href":"https:\/\/incm.pt\/site\/wp-json\/wp\/v2\/comments?post=101624"}],"version-history":[{"count":2,"href":"https:\/\/incm.pt\/site\/wp-json\/wp\/v2\/posts\/101624\/revisions"}],"predecessor-version":[{"id":101630,"href":"https:\/\/incm.pt\/site\/wp-json\/wp\/v2\/posts\/101624\/revisions\/101630"}],"wp:featuredmedia":[{"embeddable":true,"href":"https:\/\/incm.pt\/site\/wp-json\/wp\/v2\/media\/101625"}],"wp:attachment":[{"href":"https:\/\/incm.pt\/site\/wp-json\/wp\/v2\/media?parent=101624"}],"wp:term":[{"taxonomy":"category","embeddable":true,"href":"https:\/\/incm.pt\/site\/wp-json\/wp\/v2\/categories?post=101624"},{"taxonomy":"post_tag","embeddable":true,"href":"https:\/\/incm.pt\/site\/wp-json\/wp\/v2\/tags?post=101624"}],"curies":[{"name":"wp","href":"https:\/\/api.w.org\/{rel}","templated":true}]}}