{"id":91603,"date":"2026-01-29T16:14:53","date_gmt":"2026-01-29T16:14:53","guid":{"rendered":"https:\/\/incm.pt\/site\/?p=91603"},"modified":"2026-01-29T16:14:53","modified_gmt":"2026-01-29T16:14:53","slug":"conferencia-ia-no-setor-publico-balanco-e-futuro","status":"publish","type":"post","link":"https:\/\/incm.pt\/site\/es\/conferencia-ia-no-setor-publico-balanco-e-futuro\/","title":{"rendered":"Confer\u00eancia \u00abIA no Setor P\u00fablico \u2013 Balan\u00e7o e Futuro\u00bb"},"content":{"rendered":"<p>A Imprensa Nacional-Casa da Moeda (INCM) participou na Confer\u00eancia \u00abIA no Setor P\u00fablico \u2013 Balan\u00e7o e Futuro\u00bb, que teve lugar, no dia 28 de janeiro, no Audit\u00f3rio da Reitoria da Universidade Nova de Lisboa.<\/p>\n<p>Promovida pela APDC\u00a0&#8211; Digital Business Community em parceria com a Universidade Nova de Lisboa, esta confer\u00eancia promoveu uma reflex\u00e3o estrat\u00e9gica e pr\u00e1tica sobre a ado\u00e7\u00e3o da Intelig\u00eancia Artificial no setor p\u00fablico, identificando resultados alcan\u00e7ados, principais desafios e prioridades para o futuro.<\/p>\n<p>Carlos Silva, diretor de Inova\u00e7\u00e3o da INCM, participou no painel \u00abO Papel do Ecossistema Empresarial na Ado\u00e7\u00e3o Respons\u00e1vel da IA no Estado\u00bb, onde real\u00e7ou o papel que a INCM, enquanto Terceira Parte de Confian\u00e7a, poder\u00e1 ter neste \u00e2mbito, em particular atrav\u00e9s da disponibiliza\u00e7\u00e3o do <a href=\"https:\/\/eur05.safelinks.protection.outlook.com\/?url=http%3A%2F%2Fwww.aiceblock.eu%2F&amp;data=05%7C02%7CLuis.Ferreira%40incm.pt%7C5a8afc5955524414a41508de5f4ec8f9%7Cd888966928b64887a0e2cdb8725d2f6d%7C0%7C0%7C639052989178968280%7CUnknown%7CTWFpbGZsb3d8eyJFbXB0eU1hcGkiOnRydWUsIlYiOiIwLjAuMDAwMCIsIlAiOiJXaW4zMiIsIkFOIjoiTWFpbCIsIldUIjoyfQ%3D%3D%7C0%7C%7C%7C&amp;sdata=ejqRdUfigbrB2ZffESWGF0ubDFoBeViZIQzQWn%2FjIYY%3D&amp;reserved=0\">AICeBlock<\/a>, solu\u00e7\u00e3o de gest\u00e3o de risco e governo para a Intelig\u00eancia Artificial, desenvolvida em parceria com a Fraunhofer Portugal AICOS e a Vieira de Almeida &amp; Associados.<\/p>\n<p>A confer\u00eancia encerrou com a vis\u00e3o do Governo para a moderniza\u00e7\u00e3o da Administra\u00e7\u00e3o P\u00fablica atrav\u00e9s da IA, transmitida pelo Ministro Adjunto e da Reforma do Estado, Gon\u00e7alo Matias.<\/p>\n","protected":false},"excerpt":{"rendered":"<p>A Imprensa Nacional-Casa da Moeda (INCM) participou na Confer\u00eancia \u00abIA no Setor P\u00fablico \u2013 Balan\u00e7o e Futuro\u00bb, que teve lugar, no dia 28 de janeiro, no Audit\u00f3rio da Reitoria da Universidade Nova de Lisboa. Promovida pela APDC\u00a0&#8211; Digital Business Community em parceria com a Universidade Nova de Lisboa, esta confer\u00eancia promoveu uma reflex\u00e3o estrat\u00e9gica e [&hellip;]<\/p>\n","protected":false},"author":16,"featured_media":91604,"comment_status":"open","ping_status":"open","sticky":false,"template":"","format":"standard","meta":{"_acf_changed":false,"_et_pb_use_builder":"","_et_pb_old_content":"","_et_gb_content_width":"","footnotes":""},"categories":[18,215],"tags":[],"class_list":["post-91603","post","type-post","status-publish","format-standard","has-post-thumbnail","hentry","category-inovacao","category-govtec"],"acf":[],"_links":{"self":[{"href":"https:\/\/incm.pt\/site\/es\/wp-json\/wp\/v2\/posts\/91603","targetHints":{"allow":["GET"]}}],"collection":[{"href":"https:\/\/incm.pt\/site\/es\/wp-json\/wp\/v2\/posts"}],"about":[{"href":"https:\/\/incm.pt\/site\/es\/wp-json\/wp\/v2\/types\/post"}],"author":[{"embeddable":true,"href":"https:\/\/incm.pt\/site\/es\/wp-json\/wp\/v2\/users\/16"}],"replies":[{"embeddable":true,"href":"https:\/\/incm.pt\/site\/es\/wp-json\/wp\/v2\/comments?post=91603"}],"version-history":[{"count":1,"href":"https:\/\/incm.pt\/site\/es\/wp-json\/wp\/v2\/posts\/91603\/revisions"}],"predecessor-version":[{"id":91609,"href":"https:\/\/incm.pt\/site\/es\/wp-json\/wp\/v2\/posts\/91603\/revisions\/91609"}],"wp:featuredmedia":[{"embeddable":true,"href":"https:\/\/incm.pt\/site\/es\/wp-json\/wp\/v2\/media\/91604"}],"wp:attachment":[{"href":"https:\/\/incm.pt\/site\/es\/wp-json\/wp\/v2\/media?parent=91603"}],"wp:term":[{"taxonomy":"category","embeddable":true,"href":"https:\/\/incm.pt\/site\/es\/wp-json\/wp\/v2\/categories?post=91603"},{"taxonomy":"post_tag","embeddable":true,"href":"https:\/\/incm.pt\/site\/es\/wp-json\/wp\/v2\/tags?post=91603"}],"curies":[{"name":"wp","href":"https:\/\/api.w.org\/{rel}","templated":true}]}}