{"id":91429,"date":"2026-01-29T09:14:22","date_gmt":"2026-01-29T09:14:22","guid":{"rendered":"https:\/\/incm.pt\/site\/?p=91429"},"modified":"2026-01-29T09:16:54","modified_gmt":"2026-01-29T09:16:54","slug":"diario-da-republica-lanca-novo-portal-e-da-inicio-as-comemoracoes-dos-50-anos","status":"publish","type":"post","link":"https:\/\/incm.pt\/site\/es\/diario-da-republica-lanca-novo-portal-e-da-inicio-as-comemoracoes-dos-50-anos\/","title":{"rendered":"Di\u00e1rio da Rep\u00fablica lan\u00e7a novo portal e d\u00e1 in\u00edcio \u00e0s Comemora\u00e7\u00f5es dos 50 anos"},"content":{"rendered":"<p>No dia 30 de janeiro, ser\u00e1 apresentado publicamente o novo portal do Di\u00e1rio da Rep\u00fablica, numa sess\u00e3o que assinala tamb\u00e9m o arranque oficial das Comemora\u00e7\u00f5es dos 50 anos do jornal oficial.<\/p>\n<p>O evento marca uma etapa relevante na moderniza\u00e7\u00e3o do Di\u00e1rio da Rep\u00fablica, com a apresenta\u00e7\u00e3o das principais funcionalidades do novo portal, desenvolvido para melhorar a experi\u00eancia de utiliza\u00e7\u00e3o e de acesso \u00e0 legisla\u00e7\u00e3o e aos atos oficiais por todos os cidad\u00e3os.<\/p>\n<p>Durante a sess\u00e3o, ser\u00e1 igualmente divulgado o Programa das Comemora\u00e7\u00f5es dos 50 anos do Di\u00e1rio da Rep\u00fablica, com um conjunto de iniciativas que celebram meio s\u00e9culo de hist\u00f3ria da publica\u00e7\u00e3o.<\/p>\n<p>O lan\u00e7amento contar\u00e1, ainda, com um momento musical protagonizado pela Orquestra Metropolitana de Lisboa.<\/p>\n<p>Este momento simb\u00f3lico sublinha a import\u00e2ncia do Di\u00e1rio da Rep\u00fablica enquanto instrumento fundamental da vida p\u00fablica portuguesa e refor\u00e7a o compromisso da INCM com a moderniza\u00e7\u00e3o e a proximidade aos cidad\u00e3os.<\/p>\n<p>Subscreva e acompanhe o evento em direto <a href=\"https:\/\/www.youtube.com\/@DiarioRepublicaPT\" target=\"_blank\" rel=\"noopener\">aqui<\/a>.<\/p>\n","protected":false},"excerpt":{"rendered":"<p>No dia 30 de janeiro, ser\u00e1 apresentado publicamente o novo portal do Di\u00e1rio da Rep\u00fablica, numa sess\u00e3o que assinala tamb\u00e9m o arranque oficial das Comemora\u00e7\u00f5es dos 50 anos do jornal oficial. O evento marca uma etapa relevante na moderniza\u00e7\u00e3o do Di\u00e1rio da Rep\u00fablica, com a apresenta\u00e7\u00e3o das principais funcionalidades do novo portal, desenvolvido para melhorar [&hellip;]<\/p>\n","protected":false},"author":16,"featured_media":91437,"comment_status":"open","ping_status":"open","sticky":false,"template":"","format":"standard","meta":{"_acf_changed":false,"_et_pb_use_builder":"","_et_pb_old_content":"","_et_gb_content_width":"","footnotes":""},"categories":[176],"tags":[],"class_list":["post-91429","post","type-post","status-publish","format-standard","has-post-thumbnail","hentry","category-diario-da-republica"],"acf":[],"_links":{"self":[{"href":"https:\/\/incm.pt\/site\/es\/wp-json\/wp\/v2\/posts\/91429","targetHints":{"allow":["GET"]}}],"collection":[{"href":"https:\/\/incm.pt\/site\/es\/wp-json\/wp\/v2\/posts"}],"about":[{"href":"https:\/\/incm.pt\/site\/es\/wp-json\/wp\/v2\/types\/post"}],"author":[{"embeddable":true,"href":"https:\/\/incm.pt\/site\/es\/wp-json\/wp\/v2\/users\/16"}],"replies":[{"embeddable":true,"href":"https:\/\/incm.pt\/site\/es\/wp-json\/wp\/v2\/comments?post=91429"}],"version-history":[{"count":1,"href":"https:\/\/incm.pt\/site\/es\/wp-json\/wp\/v2\/posts\/91429\/revisions"}],"predecessor-version":[{"id":91436,"href":"https:\/\/incm.pt\/site\/es\/wp-json\/wp\/v2\/posts\/91429\/revisions\/91436"}],"wp:featuredmedia":[{"embeddable":true,"href":"https:\/\/incm.pt\/site\/es\/wp-json\/wp\/v2\/media\/91437"}],"wp:attachment":[{"href":"https:\/\/incm.pt\/site\/es\/wp-json\/wp\/v2\/media?parent=91429"}],"wp:term":[{"taxonomy":"category","embeddable":true,"href":"https:\/\/incm.pt\/site\/es\/wp-json\/wp\/v2\/categories?post=91429"},{"taxonomy":"post_tag","embeddable":true,"href":"https:\/\/incm.pt\/site\/es\/wp-json\/wp\/v2\/tags?post=91429"}],"curies":[{"name":"wp","href":"https:\/\/api.w.org\/{rel}","templated":true}]}}