{"id":31375,"date":"2025-06-02T15:05:54","date_gmt":"2025-06-02T15:05:54","guid":{"rendered":"https:\/\/incm.pt\/site\/?p=31375"},"modified":"2025-06-02T15:10:35","modified_gmt":"2025-06-02T15:10:35","slug":"entrega-dos-premios-da-5-a-edicao-do-concurso-desenhar-a-moeda","status":"publish","type":"post","link":"https:\/\/incm.pt\/site\/es\/entrega-dos-premios-da-5-a-edicao-do-concurso-desenhar-a-moeda\/","title":{"rendered":"Entrega dos pr\u00e9mios da 5.\u00aa edi\u00e7\u00e3o do concurso Desenhar a Moeda"},"content":{"rendered":"<p>A cerim\u00f3nia de entrega dos pr\u00e9mios da 5.\u00aa edi\u00e7\u00e3o do concurso Desenhar a Moeda, promovido pela Imprensa Nacional-Casa da Moeda (INCM) e subordinado ao tema da \u00abMulticulturalidade\u00bb, teve hoje lugar no Mercado Municipal de Faro.<\/p>\n<p>O concurso, dirigido aos alunos dos 2.\u00ba e 3.\u00ba ciclos do ensino b\u00e1sico do Munic\u00edpio de Faro, distinguiu o trabalho apresentado pela jovem aluna do 9.\u00ba ano Melissa Garcia, que ver\u00e1 o seu desenho dar origem a uma moeda de cole\u00e7\u00e3o a emitir em 2026. Foram ainda atribu\u00eddas duas men\u00e7\u00f5es honrosas a Gabriel Morgado, aluno do 9.\u00ba ano, e Amanda Briceno, do 7.\u00ba ano.<\/p>\n<p>Durante o evento, que contou com a presen\u00e7a do Presidente da C\u00e2mara Municipal de Faro, Rog\u00e9rio Bacalhau, e da diretora de Marketing e Canais da INCM, Rita Assis, foi tamb\u00e9m inaugurada uma exposi\u00e7\u00e3o com uma sele\u00e7\u00e3o de 39 projetos finalistas, selecionados entre 139 candidaturas recebidas, que ir\u00e3o estar patentes ao p\u00fablico no Mercado Municipal de Faro at\u00e9 dia 30 de junho.<\/p>\n<p>O concurso Desenhar a Moeda visa estimular a cria\u00e7\u00e3o art\u00edstica e numism\u00e1tica junto dos jovens e da comunidade escolar, procurando tamb\u00e9m sensibilizar para temas prementes e importantes da realidade atual. As anteriores edi\u00e7\u00f5es deram origem a moedas que tiveram por temas \u00abO Futuro\u00bb, \u00abO Mar\u00bb, \u00abO Clima\u00bb e \u00abO Conhecimento\u00bb, que integraram, respetivamente, os planos numism\u00e1ticos de 2017, de 2019, de 2022 e de 2024.<\/p>\n","protected":false},"excerpt":{"rendered":"<p>A cerim\u00f3nia de entrega dos pr\u00e9mios da 5.\u00aa edi\u00e7\u00e3o do concurso Desenhar a Moeda, promovido pela Imprensa Nacional-Casa da Moeda (INCM) e subordinado ao tema da \u00abMulticulturalidade\u00bb, teve hoje lugar no Mercado Municipal de Faro. O concurso, dirigido aos alunos dos 2.\u00ba e 3.\u00ba ciclos do ensino b\u00e1sico do Munic\u00edpio de Faro, distinguiu o trabalho [&hellip;]<\/p>\n","protected":false},"author":16,"featured_media":31377,"comment_status":"open","ping_status":"open","sticky":false,"template":"","format":"standard","meta":{"_acf_changed":false,"_et_pb_use_builder":"","_et_pb_old_content":"","_et_gb_content_width":"","footnotes":""},"categories":[20],"tags":[],"class_list":["post-31375","post","type-post","status-publish","format-standard","has-post-thumbnail","hentry","category-numismatica"],"acf":[],"_links":{"self":[{"href":"https:\/\/incm.pt\/site\/es\/wp-json\/wp\/v2\/posts\/31375","targetHints":{"allow":["GET"]}}],"collection":[{"href":"https:\/\/incm.pt\/site\/es\/wp-json\/wp\/v2\/posts"}],"about":[{"href":"https:\/\/incm.pt\/site\/es\/wp-json\/wp\/v2\/types\/post"}],"author":[{"embeddable":true,"href":"https:\/\/incm.pt\/site\/es\/wp-json\/wp\/v2\/users\/16"}],"replies":[{"embeddable":true,"href":"https:\/\/incm.pt\/site\/es\/wp-json\/wp\/v2\/comments?post=31375"}],"version-history":[{"count":4,"href":"https:\/\/incm.pt\/site\/es\/wp-json\/wp\/v2\/posts\/31375\/revisions"}],"predecessor-version":[{"id":31386,"href":"https:\/\/incm.pt\/site\/es\/wp-json\/wp\/v2\/posts\/31375\/revisions\/31386"}],"wp:featuredmedia":[{"embeddable":true,"href":"https:\/\/incm.pt\/site\/es\/wp-json\/wp\/v2\/media\/31377"}],"wp:attachment":[{"href":"https:\/\/incm.pt\/site\/es\/wp-json\/wp\/v2\/media?parent=31375"}],"wp:term":[{"taxonomy":"category","embeddable":true,"href":"https:\/\/incm.pt\/site\/es\/wp-json\/wp\/v2\/categories?post=31375"},{"taxonomy":"post_tag","embeddable":true,"href":"https:\/\/incm.pt\/site\/es\/wp-json\/wp\/v2\/tags?post=31375"}],"curies":[{"name":"wp","href":"https:\/\/api.w.org\/{rel}","templated":true}]}}