{"id":26480,"date":"2025-02-21T14:27:24","date_gmt":"2025-02-21T14:27:24","guid":{"rendered":"https:\/\/incm.pt\/site\/?p=26480"},"modified":"2025-02-21T15:37:23","modified_gmt":"2025-02-21T15:37:23","slug":"casa-da-moeda-apresenta-as-moedas-comemorativas-portuguesas-de-2025","status":"publish","type":"post","link":"https:\/\/incm.pt\/site\/es\/casa-da-moeda-apresenta-as-moedas-comemorativas-portuguesas-de-2025\/","title":{"rendered":"Casa da Moeda apresenta as moedas comemorativas portuguesas de 2025"},"content":{"rendered":"<p>O Plano Numism\u00e1tico para 2025 foi ontem apresentado no \u00e1trio das oficinas da Casa da Moeda, num evento aberto ao p\u00fablico onde se deram a conhecer os temas, os autores e os\u00a0<em>designs<\/em> das moedas comemorativas portuguesas que ser\u00e3o cunhadas e emitidas ao longo deste ano.<\/p>\n<p>Composto por 12 moedas de cole\u00e7\u00e3o e 2 moedas correntes comemorativas, o Plano Numism\u00e1tico para 2025 d\u00e1 relevo a tem\u00e1ticas t\u00e3o diversas como os 200 anos do nascimento de Camilo Castelo Branco, os 900 anos do foral de Ponte de Lima, os 50 anos das primeiras elei\u00e7\u00f5es em democracia, a figura da F\u00e9nix, da s\u00e9rie \u00abHer\u00f3is e Criaturas da Mitologia\u00bb, ou a cantora Simone de Oliveira, integrada na s\u00e9rie \u00abM\u00fasicos Portugueses\u00bb.<\/p>\n<p>Entre as novidades apresentadas por Rita Assis, diretora de Marketing e Canais da Imprensa Nacional-Casa da Moeda (INCM), destaca-se a nova s\u00e9rie alusiva \u00e0 \u00abAzulejaria Portuguesa\u00bb, que ser\u00e1 composta por cinco moedas comemorativas de formato quadrado que v\u00e3o incorporar elementos cer\u00e2micos, materializando assim uma inova\u00e7\u00e3o numism\u00e1tica com evidente liga\u00e7\u00e3o ao tema.<\/p>\n<p>Entre as moedas de cole\u00e7\u00e3o, outra novidade prevista para 2025 \u00e9 a s\u00e9rie dedicada aos \u00abFar\u00f3is de Portugal\u00bb, que inicia com uma moeda alusiva ao Farol do Cabo de S\u00e3o Vicente, em Sagres, bem como a nova s\u00e9rie dedicada a \u00abArtistas Pl\u00e1sticos Portugueses Contempor\u00e2neos\u00bb, que inaugura com uma moeda que presta homenagem \u00e0 pintora Paula Rego.<\/p>\n<p>Durante o evento, realizou-se tamb\u00e9m uma mesa-redonda sobre Moeda, que contou com interven\u00e7\u00f5es de Duarte Azinheira, administrador executivo da INCM, de Paulo Alexandrino, diretor da Unidade de Moeda, de Cl\u00e1udio Garrudo, diretor de Edi\u00e7\u00e3o e Cultura, e S\u00f3nia Pereira, gestora de inova\u00e7\u00e3o, do INCM Lab, com modera\u00e7\u00e3o de T\u00e2nia Pinto Ribeiro, respons\u00e1vel pela \u00e1rea de Comunica\u00e7\u00e3o da empresa.<\/p>\n<p>A sess\u00e3o, que contou com a presen\u00e7a do Secret\u00e1rio de Estado do Tesouro e das Finan\u00e7as, Jo\u00e3o Silva Lopes, foi encerrada pela Presidente do Conselho de Administra\u00e7\u00e3o da INCM, Dora Moita.<\/p>\n<p>Consulte aqui a <a href=\"https:\/\/incm.pt\/site\/wp-content\/uploads\/2025\/02\/PN2025.pdf\">Plano Numism\u00e1tico 2025<\/a>.<\/p>\n","protected":false},"excerpt":{"rendered":"<p>O Plano Numism\u00e1tico para 2025 foi ontem apresentado no \u00e1trio das oficinas da Casa da Moeda, num evento aberto ao p\u00fablico onde se deram a conhecer os temas, os autores e os\u00a0designs das moedas comemorativas portuguesas que ser\u00e3o cunhadas e emitidas ao longo deste ano. Composto por 12 moedas de cole\u00e7\u00e3o e 2 moedas correntes [&hellip;]<\/p>\n","protected":false},"author":16,"featured_media":26481,"comment_status":"open","ping_status":"open","sticky":false,"template":"","format":"standard","meta":{"_acf_changed":false,"_et_pb_use_builder":"","_et_pb_old_content":"","_et_gb_content_width":"","footnotes":""},"categories":[20],"tags":[],"class_list":["post-26480","post","type-post","status-publish","format-standard","has-post-thumbnail","hentry","category-numismatica"],"acf":[],"_links":{"self":[{"href":"https:\/\/incm.pt\/site\/es\/wp-json\/wp\/v2\/posts\/26480","targetHints":{"allow":["GET"]}}],"collection":[{"href":"https:\/\/incm.pt\/site\/es\/wp-json\/wp\/v2\/posts"}],"about":[{"href":"https:\/\/incm.pt\/site\/es\/wp-json\/wp\/v2\/types\/post"}],"author":[{"embeddable":true,"href":"https:\/\/incm.pt\/site\/es\/wp-json\/wp\/v2\/users\/16"}],"replies":[{"embeddable":true,"href":"https:\/\/incm.pt\/site\/es\/wp-json\/wp\/v2\/comments?post=26480"}],"version-history":[{"count":7,"href":"https:\/\/incm.pt\/site\/es\/wp-json\/wp\/v2\/posts\/26480\/revisions"}],"predecessor-version":[{"id":26496,"href":"https:\/\/incm.pt\/site\/es\/wp-json\/wp\/v2\/posts\/26480\/revisions\/26496"}],"wp:featuredmedia":[{"embeddable":true,"href":"https:\/\/incm.pt\/site\/es\/wp-json\/wp\/v2\/media\/26481"}],"wp:attachment":[{"href":"https:\/\/incm.pt\/site\/es\/wp-json\/wp\/v2\/media?parent=26480"}],"wp:term":[{"taxonomy":"category","embeddable":true,"href":"https:\/\/incm.pt\/site\/es\/wp-json\/wp\/v2\/categories?post=26480"},{"taxonomy":"post_tag","embeddable":true,"href":"https:\/\/incm.pt\/site\/es\/wp-json\/wp\/v2\/tags?post=26480"}],"curies":[{"name":"wp","href":"https:\/\/api.w.org\/{rel}","templated":true}]}}