{"id":3852,"date":"2022-03-30T23:25:27","date_gmt":"2022-03-30T23:25:27","guid":{"rendered":"https:\/\/incm.pt\/site\/?p=3852"},"modified":"2022-06-23T23:28:12","modified_gmt":"2022-06-23T23:28:12","slug":"moeda-centenario-travessia-atlantico-sul-apresentada-museu-ar","status":"publish","type":"post","link":"https:\/\/incm.pt\/site\/en\/moeda-centenario-travessia-atlantico-sul-apresentada-museu-ar\/","title":{"rendered":"MOEDA CENTEN\u00c1RIO DA TRAVESSIA DO ATL\u00c2NTICO SUL VAI SER APRESENTADA NO MUSEU DO AR"},"content":{"rendered":"<p><strong>A moeda corrente comemorativa do Centen\u00e1rio da Travessia A\u00e9rea do Atl\u00e2ntico Sul vai ser apresentada amanh\u00e3, da parte da tarde, no Museu do Ar, em Sintra, durante a cerim\u00f3nia que assinala os 100 anos da partida de Lisboa dos aviadores portugueses Sacadura Cabral e Gago Coutinho.<\/strong><\/p>\n<p>A apresenta\u00e7\u00e3o estar\u00e1 a cargo de Dora Moita, vogal do Conselho de Administra\u00e7\u00e3o da INCM, e do escultor Jos\u00e9 Jo\u00e3o de Brito, o autor desta moeda corrente comemorativa de 2 euros, que conta com uma emiss\u00e3o limitada a 7500 exemplares com acabamento BNC e 7500 exemplares com acabamento\u00a0<span class=\"italico\">proof<\/span>.<\/p>\n<p><strong>Esta moeda conta ainda com um limite de emiss\u00e3o de 1 milh\u00e3o de unidades com acabamento normal, que circular\u00e3o em Portugal e em toda a Zona Euro, celebrando a primeira travessia a\u00e9rea do Atl\u00e2ntico Sul, um dos maiores feitos da hist\u00f3ria da avia\u00e7\u00e3o.<\/strong><\/p>\n<p>A moeda entrou hoje em circula\u00e7\u00e3o e est\u00e1 dispon\u00edvel, nos diferentes tipos de acabamento, na<strong>\u00a0<a href=\"https:\/\/loja.incm.pt\/\">loja online<\/a><\/strong>\u00a0e nas lojas f\u00edsicas da INCM.<\/p>\n","protected":false},"excerpt":{"rendered":"<p>A moeda corrente comemorativa do Centen\u00e1rio da Travessia A\u00e9rea do Atl\u00e2ntico Sul vai ser apresentada amanh\u00e3, da parte da tarde, no Museu do Ar, em Sintra, durante a cerim\u00f3nia que assinala os 100 anos da partida de Lisboa dos aviadores portugueses Sacadura Cabral e Gago Coutinho. A apresenta\u00e7\u00e3o estar\u00e1 a cargo de Dora Moita, vogal [&hellip;]<\/p>\n","protected":false},"author":1,"featured_media":3854,"comment_status":"open","ping_status":"open","sticky":false,"template":"","format":"standard","meta":{"_acf_changed":false,"_et_pb_use_builder":"","_et_pb_old_content":"","_et_gb_content_width":"","footnotes":""},"categories":[20],"tags":[],"class_list":["post-3852","post","type-post","status-publish","format-standard","has-post-thumbnail","hentry","category-numismatica"],"acf":[],"_links":{"self":[{"href":"https:\/\/incm.pt\/site\/en\/wp-json\/wp\/v2\/posts\/3852","targetHints":{"allow":["GET"]}}],"collection":[{"href":"https:\/\/incm.pt\/site\/en\/wp-json\/wp\/v2\/posts"}],"about":[{"href":"https:\/\/incm.pt\/site\/en\/wp-json\/wp\/v2\/types\/post"}],"author":[{"embeddable":true,"href":"https:\/\/incm.pt\/site\/en\/wp-json\/wp\/v2\/users\/1"}],"replies":[{"embeddable":true,"href":"https:\/\/incm.pt\/site\/en\/wp-json\/wp\/v2\/comments?post=3852"}],"version-history":[{"count":0,"href":"https:\/\/incm.pt\/site\/en\/wp-json\/wp\/v2\/posts\/3852\/revisions"}],"wp:featuredmedia":[{"embeddable":true,"href":"https:\/\/incm.pt\/site\/en\/wp-json\/wp\/v2\/media\/3854"}],"wp:attachment":[{"href":"https:\/\/incm.pt\/site\/en\/wp-json\/wp\/v2\/media?parent=3852"}],"wp:term":[{"taxonomy":"category","embeddable":true,"href":"https:\/\/incm.pt\/site\/en\/wp-json\/wp\/v2\/categories?post=3852"},{"taxonomy":"post_tag","embeddable":true,"href":"https:\/\/incm.pt\/site\/en\/wp-json\/wp\/v2\/tags?post=3852"}],"curies":[{"name":"wp","href":"https:\/\/api.w.org\/{rel}","templated":true}]}}