{"id":3834,"date":"2021-06-09T23:05:48","date_gmt":"2021-06-09T23:05:48","guid":{"rendered":"https:\/\/incm.pt\/site\/?p=3834"},"modified":"2022-06-24T00:50:47","modified_gmt":"2022-06-24T00:50:47","slug":"audiolivro-amor-perdicao-camilo-castelo-branco","status":"publish","type":"post","link":"https:\/\/incm.pt\/site\/en\/audiolivro-amor-perdicao-camilo-castelo-branco\/","title":{"rendered":"J\u00c1 DISPON\u00cdVEL O 2.\u00ba AUDIOLIVRO DA IMPRENSA NACIONAL: AMOR DE PERDI\u00c7\u00c3O, DE CAMILO CASTELO BRANCO"},"content":{"rendered":"<p style=\"font-weight: 400;\"><strong>A Imprensa Nacional iniciou, em 2020, uma cole\u00e7\u00e3o de audiolivros de grandes cl\u00e1ssicos da literatura portuguesa, que disponibiliza gratuitamente no seu s\u00edtio de internet, em\u00a0<a href=\"https:\/\/imprensanacional.pt\/\" target=\"_blank\" rel=\"noopener\">www.imprensanacional.pt <\/a>Depois de\u00a0<em>Mensagem<\/em>, o \u00fanico livro de poemas em portugu\u00eas que Fernando Pessoa publicou em vida, e que teve leitura de Lu\u00edsa Fidalgo, \u00e9 com\u00a0<em>Amor de Perdi\u00e7\u00e3o<\/em>, de Camilo Castelo Branco, que a editora p\u00fablica portuguesa prossegue a sua cole\u00e7\u00e3o de audiolivros, coordenada por Jorge Reis-S\u00e1.<\/strong><\/p>\n<p style=\"font-weight: 400;\">Foi atrav\u00e9s do movimento Portugal entra em Cena, surgido para dar resposta \u00e0 crise na \u00e1rea da Cultura provocada pela pandemia do COVID-19, e materializado numa plataforma digital onde as empresas p\u00fablicas e privadas lan\u00e7aram desafios e investiram em artistas.<\/p>\n<p style=\"font-weight: 400;\"><strong>Foi por entre dezenas de candidaturas que a Imprensa Nacional selecionou a voz deste audiolivro, a do ator Ant\u00f3nio Fonseca. A edi\u00e7\u00e3o ficou a cargo de Lu\u00eds Franjoso e a assist\u00eancia foi de Rosa Cardoso.<\/strong><\/p>\n<p style=\"font-weight: 400;\">A leitura de Ant\u00f3nio Fonseca teve por base o volume, de 2012, publicado na cole\u00e7\u00e3o \u00abEdi\u00e7\u00e3o Cr\u00edtica das Obras de Camilo Castelo Branco\u00bb, uma edi\u00e7\u00e3o que conta com coordena\u00e7\u00e3o do acad\u00e9mico Ivo Castro, da Faculdade de Letras de Lisboa, e com um vasto leque de investigadores.<\/p>\n<p style=\"font-weight: 400;\"><strong>O romance\u00a0<em>Amor de Perdi\u00e7\u00e3o<\/em>\u00a0\u00e9 recomendado pelo Plano Nacional de Leitura. &#8220;Faz-me tristeza pensar eu que floresci nesta futilidade da novela\u2026&#8221;, escreveu Camilo Castelo Branco, referindo-se, em 1879, ao seu Amor de Perdi\u00e7\u00e3o. O que, por\u00e9m, aqui floresce \u00e9 a arte de Camilo, sobretudo o que faz a sua grandeza: a liberdade do romancista diante da novela, reconhece Abel Barros Baptista a prop\u00f3sito deste romance.<\/strong><\/p>\n<p style=\"font-weight: 400;\"><em>O Mandarim<\/em>, de E\u00e7a de Queir\u00f3s, \u00e9 o pr\u00f3ximo audiolivro previsto.<\/p>\n<p style=\"font-weight: 400;\"><strong>Escute aqui gratuitamente a obra\u00a0<a href=\"https:\/\/imprensanacional.pt\/wp-content\/uploads\/2021\/06\/Amor-de-Perdicao.mp3?fbclid=IwAR2kozmM1buYds5EPmpEkafhMFshsyD5MIkbPITn-6MPS8EUV4BHcF4QFiM\" target=\"_blank\" rel=\"noopener\">Amor de Perdi\u00e7\u00e3o<\/a>.<\/strong><\/p>\n<h2><\/h2>\n","protected":false},"excerpt":{"rendered":"<p>A Imprensa Nacional iniciou, em 2020, uma cole\u00e7\u00e3o de audiolivros de grandes cl\u00e1ssicos da literatura portuguesa, que disponibiliza gratuitamente no seu s\u00edtio de internet, em\u00a0www.imprensanacional.pt Depois de\u00a0Mensagem, o \u00fanico livro de poemas em portugu\u00eas que Fernando Pessoa publicou em vida, e que teve leitura de Lu\u00edsa Fidalgo, \u00e9 com\u00a0Amor de Perdi\u00e7\u00e3o, de Camilo Castelo Branco, [&hellip;]<\/p>\n","protected":false},"author":1,"featured_media":3930,"comment_status":"open","ping_status":"open","sticky":false,"template":"","format":"standard","meta":{"_acf_changed":false,"_et_pb_use_builder":"","_et_pb_old_content":"","_et_gb_content_width":"","footnotes":""},"categories":[26],"tags":[],"class_list":["post-3834","post","type-post","status-publish","format-standard","has-post-thumbnail","hentry","category-cultura"],"acf":[],"_links":{"self":[{"href":"https:\/\/incm.pt\/site\/en\/wp-json\/wp\/v2\/posts\/3834","targetHints":{"allow":["GET"]}}],"collection":[{"href":"https:\/\/incm.pt\/site\/en\/wp-json\/wp\/v2\/posts"}],"about":[{"href":"https:\/\/incm.pt\/site\/en\/wp-json\/wp\/v2\/types\/post"}],"author":[{"embeddable":true,"href":"https:\/\/incm.pt\/site\/en\/wp-json\/wp\/v2\/users\/1"}],"replies":[{"embeddable":true,"href":"https:\/\/incm.pt\/site\/en\/wp-json\/wp\/v2\/comments?post=3834"}],"version-history":[{"count":0,"href":"https:\/\/incm.pt\/site\/en\/wp-json\/wp\/v2\/posts\/3834\/revisions"}],"wp:featuredmedia":[{"embeddable":true,"href":"https:\/\/incm.pt\/site\/en\/wp-json\/wp\/v2\/media\/3930"}],"wp:attachment":[{"href":"https:\/\/incm.pt\/site\/en\/wp-json\/wp\/v2\/media?parent=3834"}],"wp:term":[{"taxonomy":"category","embeddable":true,"href":"https:\/\/incm.pt\/site\/en\/wp-json\/wp\/v2\/categories?post=3834"},{"taxonomy":"post_tag","embeddable":true,"href":"https:\/\/incm.pt\/site\/en\/wp-json\/wp\/v2\/tags?post=3834"}],"curies":[{"name":"wp","href":"https:\/\/api.w.org\/{rel}","templated":true}]}}