{"id":3831,"date":"2021-08-08T23:02:46","date_gmt":"2021-08-08T23:02:46","guid":{"rendered":"https:\/\/incm.pt\/site\/?p=3831"},"modified":"2022-12-29T21:54:17","modified_gmt":"2022-12-29T21:54:17","slug":"retabulo-materias-pedro-tamen","status":"publish","type":"post","link":"https:\/\/incm.pt\/site\/en\/retabulo-materias-pedro-tamen\/","title":{"rendered":"RET\u00c1BULO DAS MAT\u00c9RIAS &#8211; 1956-2013, DE PEDRO TAMEN"},"content":{"rendered":"<div>\n<p><strong><span lang=\"PT\">Pedro Tamen, nasceu em Lisboa em 1934. Licenciou-se em Direito pela Universidade de Lisboa. Entre 1958 e 1975, foi diretor da editora Moraes e, at\u00e9 2000, administrador da Funda\u00e7\u00e3o Calouste Gulbenkian. Foi tamb\u00e9m dirigente cineclubista, professor, diretor-adjunto de uma revista, cr\u00edtico liter\u00e1rio num seman\u00e1rio, poeta e tradutor.<span class=\"apple-converted-space\">\u00a0<\/span><\/span><\/strong><\/p>\n<p>Foi galardoado com o Pr\u00e9mio da Cr\u00edtica, o Grande Pr\u00e9mio Inapa de Poesia e o Grande Pr\u00e9mio de Tradu\u00e7\u00e3o, de entre outros.<\/p>\n<p><strong><span lang=\"PT\">Esta obra \u00e9 fruto da recolha da obra po\u00e9tica de Pedro Tamen, iniciada em 1956 com o &#8220;Poema para Todos os Dias&#8221;. A presente edi\u00e7\u00e3o reflete mais de cinco d\u00e9cadas da sua produ\u00e7\u00e3o l\u00edrica. Traduzida e publicada em catorze l\u00ednguas,<span class=\"apple-converted-space\">\u00a0<\/span><\/span><span lang=\"PT\"><a href=\"https:\/\/loja.incm.pt\/products\/livros-retabulo-das-materias-1956-2013-1021665?_pos=1&amp;_sid=c48219de9&amp;_ss=r?src=title\">Ret\u00e1bulo das Mat\u00e9rias<\/a><\/span><span lang=\"PT\">, editada em 2018 pela Imprensa Nacional, \u00e9 uma obra obrigat\u00f3ria na biblioteca de todos os que apreciam poesia.<\/span><\/strong><\/p>\n<\/div>\n<div>\n<p><span lang=\"PT\">\u00a0<\/span>Esta obra \u00e9 recomendada pelo Plano Nacional de Leitura.<\/p>\n<\/div>\n<div>\n<h2><span lang=\"PT\">\u00a0<\/span><\/h2>\n<\/div>\n","protected":false},"excerpt":{"rendered":"<p>Pedro Tamen, nasceu em Lisboa em 1934. Licenciou-se em Direito pela Universidade de Lisboa. Entre 1958 e 1975, foi diretor da editora Moraes e, at\u00e9 2000, administrador da Funda\u00e7\u00e3o Calouste Gulbenkian. Foi tamb\u00e9m dirigente cineclubista, professor, diretor-adjunto de uma revista, cr\u00edtico liter\u00e1rio num seman\u00e1rio, poeta e tradutor.\u00a0 Foi galardoado com o Pr\u00e9mio da Cr\u00edtica, o [&hellip;]<\/p>\n","protected":false},"author":1,"featured_media":10327,"comment_status":"open","ping_status":"open","sticky":false,"template":"","format":"standard","meta":{"_acf_changed":false,"_et_pb_use_builder":"","_et_pb_old_content":"","_et_gb_content_width":"","footnotes":""},"categories":[26],"tags":[],"class_list":["post-3831","post","type-post","status-publish","format-standard","has-post-thumbnail","hentry","category-cultura"],"acf":[],"_links":{"self":[{"href":"https:\/\/incm.pt\/site\/en\/wp-json\/wp\/v2\/posts\/3831","targetHints":{"allow":["GET"]}}],"collection":[{"href":"https:\/\/incm.pt\/site\/en\/wp-json\/wp\/v2\/posts"}],"about":[{"href":"https:\/\/incm.pt\/site\/en\/wp-json\/wp\/v2\/types\/post"}],"author":[{"embeddable":true,"href":"https:\/\/incm.pt\/site\/en\/wp-json\/wp\/v2\/users\/1"}],"replies":[{"embeddable":true,"href":"https:\/\/incm.pt\/site\/en\/wp-json\/wp\/v2\/comments?post=3831"}],"version-history":[{"count":0,"href":"https:\/\/incm.pt\/site\/en\/wp-json\/wp\/v2\/posts\/3831\/revisions"}],"wp:featuredmedia":[{"embeddable":true,"href":"https:\/\/incm.pt\/site\/en\/wp-json\/wp\/v2\/media\/10327"}],"wp:attachment":[{"href":"https:\/\/incm.pt\/site\/en\/wp-json\/wp\/v2\/media?parent=3831"}],"wp:term":[{"taxonomy":"category","embeddable":true,"href":"https:\/\/incm.pt\/site\/en\/wp-json\/wp\/v2\/categories?post=3831"},{"taxonomy":"post_tag","embeddable":true,"href":"https:\/\/incm.pt\/site\/en\/wp-json\/wp\/v2\/tags?post=3831"}],"curies":[{"name":"wp","href":"https:\/\/api.w.org\/{rel}","templated":true}]}}