{"id":3805,"date":"2021-05-26T22:31:48","date_gmt":"2021-05-26T22:31:48","guid":{"rendered":"https:\/\/incm.pt\/site\/?p=3805"},"modified":"2022-12-29T21:51:13","modified_gmt":"2022-12-29T21:51:13","slug":"lancamento-vida-homem-toda-poesia-giuseppe-ungaretti","status":"publish","type":"post","link":"https:\/\/incm.pt\/site\/en\/lancamento-vida-homem-toda-poesia-giuseppe-ungaretti\/","title":{"rendered":"LAN\u00c7AMENTO DE VIDA DE UM HOMEM \u2013 TODA A POESIA, DE GIUSEPPE UNGARETTI"},"content":{"rendered":"<div>\n<p><strong><span lang=\"PT\">Na pr\u00f3xima quarta-feira, dia 2 de junho, pelas 18h30, na Livraria Ler Devagar, em Lisboa, Vasco Gato, Ant\u00f3nio Mega Ferreira e Duarte Azinheira apresentam o livro<span class=\"apple-converted-space\">\u00a0<\/span><span class=\"italico\"><i>Vida de um Homem \u2013 Toda a Poesia<\/i><\/span>, de Giuseppe Ungaretti (1888-1970), poeta que marcou profundamente a poesia italiana do s\u00e9culo XX, sendo hoje um dos seus representantes maiores.<\/span><\/strong><\/p>\n<p>Esta edi\u00e7\u00e3o da Imprensa Nacional teve por base a edi\u00e7\u00e3o da Mondadori, onde Ungaretti reuniu, pouco antes de morrer, a sua vida em verso num \u00fanico volume. Vem acompanhada de coment\u00e1rios e notas pessoais. Um percurso humano e art\u00edstico que agora vai poder visitar nas cerca de 900 p\u00e1ginas deste livro. A dire\u00e7\u00e3o liter\u00e1ria da cole\u00e7\u00e3o \u00abIt\u00e1lica\u00bb, onde o t\u00edtulo est\u00e1 inserido, \u00e9 de Ant\u00f3nio Mega Ferreira, a tradu\u00e7\u00e3o \u00e9 de Vasco Gato.<\/p>\n<p><strong>A sess\u00e3o de lan\u00e7amento \u00e9 limitada \u00e0 capacidade do espa\u00e7o e cumprir\u00e1 as normas de seguran\u00e7a impostas pela DGS.\u00a0<span lang=\"PT\">Ser\u00e1 transmitida em direto nas p\u00e1ginas de<span class=\"apple-converted-space\">\u00a0<\/span><\/span><span lang=\"PT\"><a href=\"https:\/\/www.facebook.com\/ImprensaNacional\" target=\"_blank\" rel=\"noopener\">Facebook<\/a><\/span><span class=\"apple-converted-space\"><span lang=\"PT\">\u00a0<\/span><\/span><span lang=\"PT\">e<span class=\"apple-converted-space\">\u00a0<\/span><\/span><span lang=\"PT\"><a href=\"https:\/\/www.instagram.com\/imprensanacional.pt\/\" target=\"_blank\" rel=\"noopener\">Instagram<\/a><\/span><span class=\"apple-converted-space\"><span lang=\"PT\">\u00a0<\/span><\/span><span lang=\"PT\">da Imprensa Nacional.<\/span><\/strong><\/p>\n<\/div>\n","protected":false},"excerpt":{"rendered":"<p>Na pr\u00f3xima quarta-feira, dia 2 de junho, pelas 18h30, na Livraria Ler Devagar, em Lisboa, Vasco Gato, Ant\u00f3nio Mega Ferreira e Duarte Azinheira apresentam o livro\u00a0Vida de um Homem \u2013 Toda a Poesia, de Giuseppe Ungaretti (1888-1970), poeta que marcou profundamente a poesia italiana do s\u00e9culo XX, sendo hoje um dos seus representantes maiores. Esta [&hellip;]<\/p>\n","protected":false},"author":1,"featured_media":10315,"comment_status":"open","ping_status":"open","sticky":false,"template":"","format":"standard","meta":{"_acf_changed":false,"_et_pb_use_builder":"","_et_pb_old_content":"","_et_gb_content_width":"","footnotes":""},"categories":[26],"tags":[],"class_list":["post-3805","post","type-post","status-publish","format-standard","has-post-thumbnail","hentry","category-cultura"],"acf":[],"_links":{"self":[{"href":"https:\/\/incm.pt\/site\/en\/wp-json\/wp\/v2\/posts\/3805","targetHints":{"allow":["GET"]}}],"collection":[{"href":"https:\/\/incm.pt\/site\/en\/wp-json\/wp\/v2\/posts"}],"about":[{"href":"https:\/\/incm.pt\/site\/en\/wp-json\/wp\/v2\/types\/post"}],"author":[{"embeddable":true,"href":"https:\/\/incm.pt\/site\/en\/wp-json\/wp\/v2\/users\/1"}],"replies":[{"embeddable":true,"href":"https:\/\/incm.pt\/site\/en\/wp-json\/wp\/v2\/comments?post=3805"}],"version-history":[{"count":0,"href":"https:\/\/incm.pt\/site\/en\/wp-json\/wp\/v2\/posts\/3805\/revisions"}],"wp:featuredmedia":[{"embeddable":true,"href":"https:\/\/incm.pt\/site\/en\/wp-json\/wp\/v2\/media\/10315"}],"wp:attachment":[{"href":"https:\/\/incm.pt\/site\/en\/wp-json\/wp\/v2\/media?parent=3805"}],"wp:term":[{"taxonomy":"category","embeddable":true,"href":"https:\/\/incm.pt\/site\/en\/wp-json\/wp\/v2\/categories?post=3805"},{"taxonomy":"post_tag","embeddable":true,"href":"https:\/\/incm.pt\/site\/en\/wp-json\/wp\/v2\/tags?post=3805"}],"curies":[{"name":"wp","href":"https:\/\/api.w.org\/{rel}","templated":true}]}}