{"id":3802,"date":"2021-09-30T22:29:05","date_gmt":"2021-09-30T22:29:05","guid":{"rendered":"https:\/\/incm.pt\/site\/?p=3802"},"modified":"2022-12-28T15:30:24","modified_gmt":"2022-12-28T15:30:24","slug":"lancamento-livro-serie-ph-dedicado-jorge-guerra","status":"publish","type":"post","link":"https:\/\/incm.pt\/site\/en\/lancamento-livro-serie-ph-dedicado-jorge-guerra\/","title":{"rendered":"LAN\u00c7AMENTO DO NOVO LIVRO DA S\u00c9RIE PH. DEDICADO A JORGE GUERRA"},"content":{"rendered":"<div>\n<p><strong><span lang=\"PT\">O fot\u00f3grafo Jorge Guerra (Pa\u00e7o de Arcos, 1936), que reside em Toronto h\u00e1 v\u00e1rios anos, est\u00e1 em Portugal para apresentar o novo livro da S\u00e9rie Ph. dedicado \u00e0 sua obra fotogr\u00e1fica. O lan\u00e7amento ser\u00e1 no dia 7 de outubro \u00e0s 18h00 na Biblioteca da Imprensa Nacional, em Lisboa, e contar\u00e1 com a presen\u00e7a dos autores.<\/span><\/strong><\/p>\n<p><span class=\"italico\"><i><span lang=\"PT\">Ph.07 Jorge Guerra<\/span><\/i><\/span><span class=\"apple-converted-space\"><span lang=\"PT\">\u00a0<\/span><\/span><span lang=\"PT\">conta com algumas obras in\u00e9ditas e com texto de Tereza Siza e Maria do Carmo Ser\u00e9n e aborda o percurso, com cerca de seis d\u00e9cadas de atividade, de Jorge Guerra na \u00e1rea da Fotografia: <strong><em>\u00ab&#8221;A par do seu papel de divulga\u00e7\u00e3o da fotografia, seja em galeria pr\u00f3pria, cria\u00e7\u00e3o de institui\u00e7\u00f5es de ensino e pr\u00e1tica, seja em confer\u00eancias e no complexo da revista<span class=\"apple-converted-space\">\u00a0<\/span><span class=\"italico\">OVO<\/span>, a sua produ\u00e7\u00e3o fotogr\u00e1fica tamb\u00e9m corresponde a um bloco em cont\u00ednua experimenta\u00e7\u00e3o: absorve t\u00e9cnicas e correntes em cria\u00e7\u00f5es pr\u00f3prias e inovadoras.&#8221;<\/em><\/strong><\/span><\/p>\n<p>A S\u00e9rie Ph. conta j\u00e1 com t\u00edtulos dedicados a Jorge Molder, Paulo Nozolino (ambos j\u00e1 na segunda edi\u00e7\u00e3o), Helena Almeida (esgotado), Fernando Lemos, Jos\u00e9 M. Rodrigues e Ernesto de Sousa. A S\u00e9rie Ph., dirigida por Cl\u00e1udio Garrudo, \u00e9 uma cole\u00e7\u00e3o de monografias bilingues (portugu\u00eas\/ingl\u00eas) dedicada \u00e0 fotografia portuguesa contempor\u00e2nea, que pretende dar a conhecer a obra dos autores, com textos de especialistas e apresentando os territ\u00f3rios expandidos e m\u00faltiplos da Fotografia.<\/p>\n<\/div>\n","protected":false},"excerpt":{"rendered":"<p>O fot\u00f3grafo Jorge Guerra (Pa\u00e7o de Arcos, 1936), que reside em Toronto h\u00e1 v\u00e1rios anos, est\u00e1 em Portugal para apresentar o novo livro da S\u00e9rie Ph. dedicado \u00e0 sua obra fotogr\u00e1fica. O lan\u00e7amento ser\u00e1 no dia 7 de outubro \u00e0s 18h00 na Biblioteca da Imprensa Nacional, em Lisboa, e contar\u00e1 com a presen\u00e7a dos autores. [&hellip;]<\/p>\n","protected":false},"author":1,"featured_media":3909,"comment_status":"open","ping_status":"open","sticky":false,"template":"","format":"standard","meta":{"_acf_changed":false,"_et_pb_use_builder":"","_et_pb_old_content":"","_et_gb_content_width":"","footnotes":""},"categories":[26],"tags":[],"class_list":["post-3802","post","type-post","status-publish","format-standard","has-post-thumbnail","hentry","category-cultura"],"acf":[],"_links":{"self":[{"href":"https:\/\/incm.pt\/site\/en\/wp-json\/wp\/v2\/posts\/3802","targetHints":{"allow":["GET"]}}],"collection":[{"href":"https:\/\/incm.pt\/site\/en\/wp-json\/wp\/v2\/posts"}],"about":[{"href":"https:\/\/incm.pt\/site\/en\/wp-json\/wp\/v2\/types\/post"}],"author":[{"embeddable":true,"href":"https:\/\/incm.pt\/site\/en\/wp-json\/wp\/v2\/users\/1"}],"replies":[{"embeddable":true,"href":"https:\/\/incm.pt\/site\/en\/wp-json\/wp\/v2\/comments?post=3802"}],"version-history":[{"count":0,"href":"https:\/\/incm.pt\/site\/en\/wp-json\/wp\/v2\/posts\/3802\/revisions"}],"wp:featuredmedia":[{"embeddable":true,"href":"https:\/\/incm.pt\/site\/en\/wp-json\/wp\/v2\/media\/3909"}],"wp:attachment":[{"href":"https:\/\/incm.pt\/site\/en\/wp-json\/wp\/v2\/media?parent=3802"}],"wp:term":[{"taxonomy":"category","embeddable":true,"href":"https:\/\/incm.pt\/site\/en\/wp-json\/wp\/v2\/categories?post=3802"},{"taxonomy":"post_tag","embeddable":true,"href":"https:\/\/incm.pt\/site\/en\/wp-json\/wp\/v2\/tags?post=3802"}],"curies":[{"name":"wp","href":"https:\/\/api.w.org\/{rel}","templated":true}]}}