{"id":3799,"date":"2021-07-15T22:25:59","date_gmt":"2021-07-15T22:25:59","guid":{"rendered":"https:\/\/incm.pt\/site\/?p=3799"},"modified":"2022-12-29T21:53:01","modified_gmt":"2022-12-29T21:53:01","slug":"lancamento-livro-imprensa-revolucao","status":"publish","type":"post","link":"https:\/\/incm.pt\/site\/en\/lancamento-livro-imprensa-revolucao\/","title":{"rendered":"LAN\u00c7AMENTO DO LIVRO A IMPRENSA NA REVOLU\u00c7\u00c3O. OS NOVOS JORNAIS E AS LUTAS POL\u00cdTICAS DE 1975"},"content":{"rendered":"<p style=\"font-weight: 400;\"><strong>O livro\u00a0<em>A Imprensa na Revolu\u00e7\u00e3o. Os Novos Jornais e as Lutas Pol\u00edticas de 1975<\/em>, do investigador Pedro Marques Gomes, editado pela Imprensa Nacional, \u00e9 lan\u00e7ado na pr\u00f3xima segunda-feira, dia 19 de julho, pelas 18h00, na Funda\u00e7\u00e3o M\u00e1rio Soares e Maria Barroso. A obra \u00e9 apresentada por Maria Ant\u00f3nia Palla e M\u00e1rio Mesquita.\u00a0A sess\u00e3o ser\u00e1 emitida em direto neste\u00a0<a href=\"https:\/\/eur05.safelinks.protection.outlook.com\/?url=https%3A%2F%2Fvideoconf-colibri.zoom.us%2Fj%2F83861817326&amp;data=04%7C01%7Ctania.pinto.ribeiro%40incm.pt%7C3835b51f6d3b4f00fdcc08d945ed0a5a%7Cd888966928b64887a0e2cdb8725d2f6d%7C0%7C0%7C637617707255825723%7CUnknown%7CTWFpbGZsb3d8eyJWIjoiMC4wLjAwMDAiLCJQIjoiV2luMzIiLCJBTiI6Ik1haWwiLCJXVCI6Mn0%3D%7C1000&amp;sdata=2%2FpMNIBOxe9ya0kFmq53jwjfrG9OrzowrLSdMbKcnXc%3D&amp;reserved=0\">link<\/a>\u00a0ID:\u00a0<a href=\"https:\/\/eur05.safelinks.protection.outlook.com\/?url=https%3A%2F%2Fvideoconf-colibri.zoom.us%2Fj%2F83861817326&amp;data=04%7C01%7Ctania.pinto.ribeiro%40incm.pt%7C3835b51f6d3b4f00fdcc08d945ed0a5a%7Cd888966928b64887a0e2cdb8725d2f6d%7C0%7C0%7C637617707255835681%7CUnknown%7CTWFpbGZsb3d8eyJWIjoiMC4wLjAwMDAiLCJQIjoiV2luMzIiLCJBTiI6Ik1haWwiLCJXVCI6Mn0%3D%7C1000&amp;sdata=IY2fO6e7KKbsBeBTdHD87DCfSVwuFSifUJ9cqjituuE%3D&amp;reserved=0\">83861817326<\/a><\/strong><\/p>\n<p style=\"font-weight: 400;\">O livro aborda a imprensa durante o processo revolucion\u00e1rio de 1974-1975, em que o pa\u00eds muda radicalmente e em que os jornais participam de forma ativa nessa transforma\u00e7\u00e3o. \u00abA agita\u00e7\u00e3o vivida nas ruas \u00e9 tamb\u00e9m vivida nas reda\u00e7\u00f5es, em permanente ebuli\u00e7\u00e3o, num tempo em que ficam c\u00e9lebres epis\u00f3dios envolvendo jornais e jornalistas, nos quais dificilmente se distinguiam as fronteiras entre a pol\u00edtica e o jornalismo\u00bb, refere-se no livro.<\/p>\n<p style=\"font-weight: 400;\">Atrav\u00e9s de uma investiga\u00e7\u00e3o hist\u00f3rica, na consulta de v\u00e1rios arquivos, de imprensa da \u00e9poca e na recolha de testemunhos de jornalistas que ent\u00e3o se encontravam nas reda\u00e7\u00f5es, este livro pretende sobretudo dar a conhecer as circunst\u00e2ncias em que v\u00e3o ser criados novos jornais privados, em 1975, as suas motiva\u00e7\u00f5es e objetivos.<\/p>\n<div><span lang=\"PT\"><strong><em>\u00abCom a cria\u00e7\u00e3o, em 1975, do<span class=\"apple-converted-space\">\u00a0<\/span><span class=\"italico\">Jornal Novo<\/span>,<span class=\"apple-converted-space\">\u00a0<\/span><span class=\"italico\">O Jornal<\/span>,<span class=\"apple-converted-space\">\u00a0<\/span><span class=\"italico\">Tempo<\/span><span class=\"apple-converted-space\">\u00a0<\/span>e<span class=\"apple-converted-space\">\u00a0<\/span><span class=\"italico\">A Luta<\/span>surgem projetos jornal\u00edsticos distintos, que, pretendendo ser uma alternativa \u00e0 Imprensa ent\u00e3o estatizada, foram, sob v\u00e1rios aspetos, inovadores e ousados. Foram tamb\u00e9m pol\u00e9micos e participaram ativamente no curso dos acontecimentos, assumindo-se como defensores da legitimidade democr\u00e1tica\u00bb,<\/em> <\/strong>concluiu o autor, Pedro Marques Gomes, professor na Escola Superior de Comunica\u00e7\u00e3o Social e investigador do HTC da Faculdade de Ci\u00eancias Sociais e Humanas da Universidade Nova de Lisboa. O livro resulta da sua tese de doutoramento em Hist\u00f3ria Contempor\u00e2nea, a que foi atribu\u00eddo o Pr\u00e9mio Funda\u00e7\u00e3o M\u00e1rio Soares-Funda\u00e7\u00e3o EDP 2019.<\/span><\/div>\n","protected":false},"excerpt":{"rendered":"<p>O livro\u00a0A Imprensa na Revolu\u00e7\u00e3o. Os Novos Jornais e as Lutas Pol\u00edticas de 1975, do investigador Pedro Marques Gomes, editado pela Imprensa Nacional, \u00e9 lan\u00e7ado na pr\u00f3xima segunda-feira, dia 19 de julho, pelas 18h00, na Funda\u00e7\u00e3o M\u00e1rio Soares e Maria Barroso. A obra \u00e9 apresentada por Maria Ant\u00f3nia Palla e M\u00e1rio Mesquita.\u00a0A sess\u00e3o ser\u00e1 emitida [&hellip;]<\/p>\n","protected":false},"author":1,"featured_media":10323,"comment_status":"open","ping_status":"open","sticky":false,"template":"","format":"standard","meta":{"_acf_changed":false,"_et_pb_use_builder":"","_et_pb_old_content":"","_et_gb_content_width":"","footnotes":""},"categories":[26],"tags":[],"class_list":["post-3799","post","type-post","status-publish","format-standard","has-post-thumbnail","hentry","category-cultura"],"acf":[],"_links":{"self":[{"href":"https:\/\/incm.pt\/site\/en\/wp-json\/wp\/v2\/posts\/3799","targetHints":{"allow":["GET"]}}],"collection":[{"href":"https:\/\/incm.pt\/site\/en\/wp-json\/wp\/v2\/posts"}],"about":[{"href":"https:\/\/incm.pt\/site\/en\/wp-json\/wp\/v2\/types\/post"}],"author":[{"embeddable":true,"href":"https:\/\/incm.pt\/site\/en\/wp-json\/wp\/v2\/users\/1"}],"replies":[{"embeddable":true,"href":"https:\/\/incm.pt\/site\/en\/wp-json\/wp\/v2\/comments?post=3799"}],"version-history":[{"count":0,"href":"https:\/\/incm.pt\/site\/en\/wp-json\/wp\/v2\/posts\/3799\/revisions"}],"wp:featuredmedia":[{"embeddable":true,"href":"https:\/\/incm.pt\/site\/en\/wp-json\/wp\/v2\/media\/10323"}],"wp:attachment":[{"href":"https:\/\/incm.pt\/site\/en\/wp-json\/wp\/v2\/media?parent=3799"}],"wp:term":[{"taxonomy":"category","embeddable":true,"href":"https:\/\/incm.pt\/site\/en\/wp-json\/wp\/v2\/categories?post=3799"},{"taxonomy":"post_tag","embeddable":true,"href":"https:\/\/incm.pt\/site\/en\/wp-json\/wp\/v2\/tags?post=3799"}],"curies":[{"name":"wp","href":"https:\/\/api.w.org\/{rel}","templated":true}]}}