{"id":3796,"date":"2021-09-08T22:22:20","date_gmt":"2021-09-08T22:22:20","guid":{"rendered":"https:\/\/incm.pt\/site\/?p=3796"},"modified":"2022-12-28T15:30:57","modified_gmt":"2022-12-28T15:30:57","slug":"isabel-lucas-vence-premio-vicente-jorge-silva","status":"publish","type":"post","link":"https:\/\/incm.pt\/site\/en\/isabel-lucas-vence-premio-vicente-jorge-silva\/","title":{"rendered":"ISABEL LUCAS VENCE 1.\u00aa EDI\u00c7\u00c3O DO PR\u00c9MIO JORNALISMO DE EXCEL\u00caNCIA VICENTE JORGE SILVA"},"content":{"rendered":"<div>\n<p><strong><span lang=\"PT\">A jornalista Isabel Lucas assina o texto<span class=\"apple-converted-space\">\u00a0<\/span><\/span><span lang=\"PT\"><a href=\"https:\/\/www.publico.pt\/2020\/10\/18\/mundo\/noticia\/estados-unidos-america-cronica-desuniao-1935713\" target=\"_blank\" rel=\"noopener\"><i>Estados Unidos da Am\u00e9rica, cr\u00f3nica de uma (des)uni\u00e3o<\/i><\/a><\/span><span lang=\"PT\">, vencedor da 1.\u00aa edi\u00e7\u00e3o do Pr\u00e9mio Jornalismo de Excel\u00eancia Vicente Jorge Silva, promovido pela Imprensa Nacional-Casa da Moeda (INCM). O artigo vencedor, publicado na edi\u00e7\u00e3o de 18 de outubro de 2020 do jornal<span class=\"apple-converted-space\">\u00a0<\/span><span class=\"italico\"><i>P\u00fablico<\/i><\/span>, parte da leitura de v\u00e1rios textos, cruzamento de opini\u00f5es, an\u00e1lise de jornais e de um conhecimento do territ\u00f3rio para, de acordo com a autora, \u201cindagar que pa\u00eds era esse que ia a votos numa altura dram\u00e1tica\u201d.<\/span><\/strong><\/p>\n<p><span lang=\"PT\">A grande qualidade dos trabalhos jornal\u00edsticos apresentados a concurso (num total de 52) levou o j\u00fari do Pr\u00e9mio, composto por Nicolau Santos, presidente do Conselho de Administra\u00e7\u00e3o da RTP, Manuel Carvalho, diretor do jornal<span class=\"apple-converted-space\">\u00a0<\/span><span class=\"italico\"><i>P\u00fablico<\/i><\/span>, Jo\u00e3o Vieira Pereira, diretor do jornal<span class=\"apple-converted-space\">\u00a0<\/span><span class=\"italico\"><i>Expresso<\/i><\/span>, Teresa de Sousa, jornalista do<span class=\"apple-converted-space\">\u00a0<\/span><span class=\"italico\"><i>P\u00fablico<\/i><\/span>, e Daniela Santo, jornalista reformada da RDP Madeira, a atribuir duas men\u00e7\u00f5es honrosas:<strong><span class=\"apple-converted-space\">\u00a0<\/span><\/strong><\/span><strong><span lang=\"PT\"><a href=\"https:\/\/expresso.pt\/sociedade\/2021-08-12-Aliu-Camara-como-o-comando-que-perdeu-as-duas-pernas-ganhou-a-missao-da-sua-vida---voltar-a-andar--e-ele-acaba-de-inspirar-uma-nova-lei--5965c197\" target=\"_blank\" rel=\"noopener\"><i>Voltar a Marchar<\/i><\/a><\/span><\/strong><span lang=\"PT\"><strong>,<\/strong> uma reportagem da autoria de Raquel Moleiro e de Tiago Miranda, e<strong><span class=\"apple-converted-space\">\u00a0<\/span><\/strong><\/span><strong><span lang=\"PT\"><a href=\"https:\/\/expresso.pt\/luanda-leaks\/2020-01-19-Exclusivo-mundial.-Como-Isabel-dos-Santos-desviou-mais-de-100-milhoes-de-dolares-da-Sonangol-para-o-Dubai\" target=\"_blank\" rel=\"noopener\"><i>Luanda Leaks. Como Isabel dos Santos desviou mais de 100 milh\u00f5es de dolares da Sonangol para o Dubai<\/i><\/a><\/span><\/strong><span lang=\"PT\"><strong>,<\/strong> uma pe\u00e7a de investiga\u00e7\u00e3o assinada por Micael Pereira e Lu\u00eds Garriapa.<\/span><\/p>\n<p>O Pr\u00e9mio Jornalismo de Excel\u00eancia Vicente Jorge Silva visa distinguir trabalhos que reforcem os diferentes estilos da imprensa escrita, seja atrav\u00e9s da investiga\u00e7\u00e3o, da reportagem ou da an\u00e1lise, contribuindo para uma sociedade mais informada e atribuindo uma bolsa de investiga\u00e7\u00e3o jornal\u00edstica no valor de 5000 euros. Visa ainda prestar homenagem a Vicente Jorge Silva, figura de destaque no jornalismo portugu\u00eas das \u00faltimas d\u00e9cadas, que nos deixou no dia 8 de setembro de 2020, h\u00e1 precisamente um ano.<\/p>\n<p>Gon\u00e7alo Caseiro, presidente do Conselho de Administra\u00e7\u00e3o da INCM, sublinha que <strong><em>\u201ccontribuir para homenagear um \u00edcone da comunica\u00e7\u00e3o social livre e bem-pensante que marcou um sem n\u00famero de textos publicados, antes e depois do 25 de Abril, tornando-se uma personalidade ativa na defesa do jornalismo e da liberdade de express\u00e3o enquanto pilares da nossa cultura \u00e9, mais do que um prop\u00f3sito, uma miss\u00e3o da Imprensa Nacional-Casa da Moeda, que tem acompanhado e documentado a constru\u00e7\u00e3o da democracia portuguesa. O n\u00famero e a qualidade das candidaturas a esta primeira edi\u00e7\u00e3o do Pr\u00e9mio demonstram que o rigor, o pluralismo e a liberdade de informa\u00e7\u00e3o s\u00e3o fundamentais nesta constru\u00e7\u00e3o e um des\u00edgnio que queremos prosseguir no futuro\u201d.<\/em><\/strong><\/p>\n<p>A cerim\u00f3nia de entrega do Pr\u00e9mio vai ter lugar na Sala Carlos Paredes da Sociedade Portuguesa de Autores (SPA), no dia 15 de setembro, pelas 18 horas, e contar\u00e1 com a presen\u00e7a de Gra\u00e7a Fonseca, Ministra da Cultura, de Jos\u00e9 Jorge Letria, presidente da SPA, de Nicolau Santos, presidente do j\u00fari, de Gon\u00e7alo Caseiro, presidente da INCM, de Henrique Cayatte,<span class=\"apple-converted-space\">\u00a0<\/span><span class=\"italico\"><i>designer<\/i><\/span>, e de Jorge Wemans, jornalista, bem como da vencedora da presente edi\u00e7\u00e3o, a jornalista Isabel Lucas.<\/p>\n<p><strong><span lang=\"PT\">O evento poder\u00e1 ser acompanhado em<span class=\"apple-converted-space\">\u00a0<\/span><span class=\"italico\"><i>streaming<\/i><\/span><span class=\"apple-converted-space\">\u00a0<\/span>atrav\u00e9s do site do Pr\u00e9mio em:<span class=\"apple-converted-space\">\u00a0<\/span><\/span><span lang=\"PT\"><a href=\"https:\/\/premiovicentejorgesilva.pt\/\" target=\"_blank\" rel=\"noopener\">premiovicentejorgesilva.pt<\/a><\/span><\/strong><\/p>\n<\/div>\n","protected":false},"excerpt":{"rendered":"<p>A jornalista Isabel Lucas assina o texto\u00a0Estados Unidos da Am\u00e9rica, cr\u00f3nica de uma (des)uni\u00e3o, vencedor da 1.\u00aa edi\u00e7\u00e3o do Pr\u00e9mio Jornalismo de Excel\u00eancia Vicente Jorge Silva, promovido pela Imprensa Nacional-Casa da Moeda (INCM). O artigo vencedor, publicado na edi\u00e7\u00e3o de 18 de outubro de 2020 do jornal\u00a0P\u00fablico, parte da leitura de v\u00e1rios textos, cruzamento de [&hellip;]<\/p>\n","protected":false},"author":1,"featured_media":3915,"comment_status":"open","ping_status":"open","sticky":false,"template":"","format":"standard","meta":{"_acf_changed":false,"_et_pb_use_builder":"","_et_pb_old_content":"","_et_gb_content_width":"","footnotes":""},"categories":[26],"tags":[],"class_list":["post-3796","post","type-post","status-publish","format-standard","has-post-thumbnail","hentry","category-cultura"],"acf":[],"_links":{"self":[{"href":"https:\/\/incm.pt\/site\/en\/wp-json\/wp\/v2\/posts\/3796","targetHints":{"allow":["GET"]}}],"collection":[{"href":"https:\/\/incm.pt\/site\/en\/wp-json\/wp\/v2\/posts"}],"about":[{"href":"https:\/\/incm.pt\/site\/en\/wp-json\/wp\/v2\/types\/post"}],"author":[{"embeddable":true,"href":"https:\/\/incm.pt\/site\/en\/wp-json\/wp\/v2\/users\/1"}],"replies":[{"embeddable":true,"href":"https:\/\/incm.pt\/site\/en\/wp-json\/wp\/v2\/comments?post=3796"}],"version-history":[{"count":0,"href":"https:\/\/incm.pt\/site\/en\/wp-json\/wp\/v2\/posts\/3796\/revisions"}],"wp:featuredmedia":[{"embeddable":true,"href":"https:\/\/incm.pt\/site\/en\/wp-json\/wp\/v2\/media\/3915"}],"wp:attachment":[{"href":"https:\/\/incm.pt\/site\/en\/wp-json\/wp\/v2\/media?parent=3796"}],"wp:term":[{"taxonomy":"category","embeddable":true,"href":"https:\/\/incm.pt\/site\/en\/wp-json\/wp\/v2\/categories?post=3796"},{"taxonomy":"post_tag","embeddable":true,"href":"https:\/\/incm.pt\/site\/en\/wp-json\/wp\/v2\/tags?post=3796"}],"curies":[{"name":"wp","href":"https:\/\/api.w.org\/{rel}","templated":true}]}}