{"id":3790,"date":"2021-08-26T22:15:00","date_gmt":"2021-08-26T22:15:00","guid":{"rendered":"https:\/\/incm.pt\/site\/?p=3790"},"modified":"2022-12-28T15:31:02","modified_gmt":"2022-12-28T15:31:02","slug":"imprensa-nacional-presente-feiras-livro-lisboa-porto","status":"publish","type":"post","link":"https:\/\/incm.pt\/site\/en\/imprensa-nacional-presente-feiras-livro-lisboa-porto\/","title":{"rendered":"IMPRENSA NACIONAL PRESENTE NAS FEIRAS DO LIVRO DE LISBOA E PORTO COM MUITAS NOVIDADES E DESCONTOS PARA OFERECER"},"content":{"rendered":"<p style=\"font-weight: 400;\"><strong>A 91.\u00aa edi\u00e7\u00e3o da Feira do Livro de Lisboa abre ao p\u00fablico esta quinta-feira, dia 26 de agosto, no Parque Eduardo VII, onde permanecer\u00e1 at\u00e9 ao dia 12 de setembro. Nesta edi\u00e7\u00e3o, a Feira do Livro de Lisboa vai contar com 325 pavilh\u00f5es e com 131 expositores.\u00a0A Imprensa Nacional, que marca presen\u00e7a no evento desde 1972 (mantendo sempre uma presen\u00e7a regular), vai estar este ano nos pavilh\u00f5es B46 e B48, junto \u00e0 Pra\u00e7a Amarela, com muitas novidades para apresentar.\u00a0\u00a0<a href=\"https:\/\/imprensanacional.pt\/wp-content\/uploads\/2021\/08\/NovidadesEditoriais20202021_FeiraLivro.pdf\" target=\"_blank\" rel=\"noopener\">Conhe\u00e7a-as aqui<\/a>.\u00a0<\/strong><\/p>\n<p style=\"font-weight: 400;\">A Imprensa Nacional vai tamb\u00e9m oferecer aos seus visitantes descontos que v\u00e3o dos 10% aos 50 % e v\u00e1rias promo\u00e7\u00f5es especiais em alguns dos t\u00edtulos do seu j\u00e1 vasto cat\u00e1logo. S\u00e3o elas:<\/p>\n<p style=\"font-weight: 400;\"><strong>Livro do Dia<\/strong>\u00a0(livros com menos de 18 meses) com 20% de desconto.\u00a0<a href=\"https:\/\/imprensanacional.pt\/wp-content\/uploads\/2021\/08\/LIVRO-DO-DIA_2021.pdf\" target=\"_blank\" rel=\"noopener\">conhe\u00e7a-os aqui<\/a>.<br \/>\n<strong>Promo\u00e7\u00e3o do Dia<\/strong>\u00a0(livros com mais de 18 meses) com 50% de desconto<br \/>\n<strong>Promo\u00e7\u00f5es Especiais<\/strong>\u00a0(t\u00edtulos a 1, 2 e 5 euros).\u00a0<a href=\"https:\/\/imprensanacional.pt\/wp-content\/uploads\/2021\/08\/promocoes_especiais.pdf\" target=\"_blank\" rel=\"noopener\">Conhe\u00e7a-as aqui<\/a>.<\/p>\n<p style=\"font-weight: 400;\">Quanto a eventos, a Imprensa Nacional tem previsto para 4 de setembro o lan\u00e7amento do livro infantojuvenil\u00a0<em>Ant\u00f3nio Varia\u00e7\u00f5es.Fora de Tom<\/em>, de In\u00eas Fonseca Santos e Mantraste, da cole\u00e7\u00e3o \u00abGrandes Vidas Portuguesas\u00bb, publicada em coedi\u00e7\u00e3o pela Imprensa Nacional e Pato L\u00f3gico, e para 11 de setembro a apresenta\u00e7\u00e3o do livro\u00a0<em>A Imprensa na Revolu\u00e7\u00e3o. Os Novos Jornais e as Lutas Pol\u00edticas de 1975<\/em>, de Pedro Marques Gomes e apresenta\u00e7\u00e3o de Duarte Azinheira e Jorge Reis-S\u00e1. Hor\u00e1rios a confirmar brevemente.<\/p>\n<p style=\"font-weight: 400;\">Face \u00e0 pandemia COVID 19, o evento estar\u00e1 sujeito a v\u00e1rias medidas de seguran\u00e7a, sendo o uso de m\u00e1scara obrigat\u00f3rio em todo o recinto. A lota\u00e7\u00e3o do espa\u00e7o tamb\u00e9m estar\u00e1 limitada aos 5500 visitantes em simult\u00e2neo.<\/p>\n<p style=\"font-weight: 400;\">\u00c0 semelhan\u00e7a do ano passado, este ano a Feira do Livro de Lisboa decorre em simult\u00e2neo com a Feira do Livro do Porto, que inaugura j\u00e1 esta sexta-feira, dia 27 de agosto, e prolonga-se at\u00e9 12 de setembro, nos jardins do Pal\u00e1cio de Cristal.<\/p>\n<p style=\"font-weight: 400;\">A Imprensa Nacional, como habitualmente, marca tamb\u00e9m presen\u00e7a neste grande festival liter\u00e1rio. Estar\u00e1 presente nos pavilh\u00f5es 6 e 7 do recinto.\u00a0Inaugurada em 1930, a Feira do Livro do Porto \u00e9, desde 2014, organizada pela C\u00e2mara Municipal do Porto. Todos os anos o certame homenageia uma personalidade. Este ano, J\u00falio Dinis ser\u00e1 o autor evocado.<\/p>\n<p style=\"font-weight: 400;\">A Feira do Livro do Porto aplica tamb\u00e9m um plano de conting\u00eancia orientado para a preven\u00e7\u00e3o e mitiga\u00e7\u00e3o dos riscos associados \u00e0 propaga\u00e7\u00e3o do v\u00edrus COVID-19. Durante o per\u00edodo da Feira do Livro do Porto, a circula\u00e7\u00e3o pelos Jardins do Pal\u00e1cio de Cristal \u00e9 condicionada, o uso de m\u00e1scara obrigat\u00f3rio, sendo que a lota\u00e7\u00e3o do recinto poder\u00e1 receber no m\u00e1ximo 1000 pessoas em simult\u00e2neo.<\/p>\n<p style=\"font-weight: 400;\"><strong>Hor\u00e1rios da Feira do Livro de Lisboa 2021<br \/>\n<\/strong>2.\u00aa a 5.\u00aa feira das 12:30 \u00e0s 22:00; 6.\u00aa feira das 12:30 \u00e0s 24:00; s\u00e1bados das 11:00 \u00e0s 24:00 e domingos das 11:00 \u00e0s 22:00.<br \/>\nPara mais informa\u00e7\u00f5es sobre este evento consulte o\u00a0<a href=\"https:\/\/www.blogger.com\/blog\/post\/edit\/897252696357384140\/4918097817278732532\" target=\"_blank\" rel=\"noopener\">site da Feira do Livro de Lisboa<\/a>.<\/p>\n<p style=\"font-weight: 400;\"><strong>Hor\u00e1rios da Feira do Livro do Porto 2021<br \/>\n<\/strong>2.\u00aa a 4.\u00aa feira das 12:30 \u00e0s 21:00; 5.\u00aa a 6.\u00aa feira das 12:30 \u00e0s 23:00; s\u00e1bados das 11:00 \u00e0s 23:00 e domingos das 11:00 \u00e0s 21:00.<br \/>\nPara mais informa\u00e7\u00f5es sobre este evento consulte o\u00a0<a href=\"https:\/\/feiradolivro.porto.pt\/\" target=\"_blank\" rel=\"noopener\">site da Feira do Livro do Porto<\/a>.<\/p>\n","protected":false},"excerpt":{"rendered":"<p>A 91.\u00aa edi\u00e7\u00e3o da Feira do Livro de Lisboa abre ao p\u00fablico esta quinta-feira, dia 26 de agosto, no Parque Eduardo VII, onde permanecer\u00e1 at\u00e9 ao dia 12 de setembro. Nesta edi\u00e7\u00e3o, a Feira do Livro de Lisboa vai contar com 325 pavilh\u00f5es e com 131 expositores.\u00a0A Imprensa Nacional, que marca presen\u00e7a no evento desde [&hellip;]<\/p>\n","protected":false},"author":1,"featured_media":3917,"comment_status":"open","ping_status":"open","sticky":false,"template":"","format":"standard","meta":{"_acf_changed":false,"_et_pb_use_builder":"","_et_pb_old_content":"","_et_gb_content_width":"","footnotes":""},"categories":[26],"tags":[],"class_list":["post-3790","post","type-post","status-publish","format-standard","has-post-thumbnail","hentry","category-cultura"],"acf":[],"_links":{"self":[{"href":"https:\/\/incm.pt\/site\/en\/wp-json\/wp\/v2\/posts\/3790","targetHints":{"allow":["GET"]}}],"collection":[{"href":"https:\/\/incm.pt\/site\/en\/wp-json\/wp\/v2\/posts"}],"about":[{"href":"https:\/\/incm.pt\/site\/en\/wp-json\/wp\/v2\/types\/post"}],"author":[{"embeddable":true,"href":"https:\/\/incm.pt\/site\/en\/wp-json\/wp\/v2\/users\/1"}],"replies":[{"embeddable":true,"href":"https:\/\/incm.pt\/site\/en\/wp-json\/wp\/v2\/comments?post=3790"}],"version-history":[{"count":0,"href":"https:\/\/incm.pt\/site\/en\/wp-json\/wp\/v2\/posts\/3790\/revisions"}],"wp:featuredmedia":[{"embeddable":true,"href":"https:\/\/incm.pt\/site\/en\/wp-json\/wp\/v2\/media\/3917"}],"wp:attachment":[{"href":"https:\/\/incm.pt\/site\/en\/wp-json\/wp\/v2\/media?parent=3790"}],"wp:term":[{"taxonomy":"category","embeddable":true,"href":"https:\/\/incm.pt\/site\/en\/wp-json\/wp\/v2\/categories?post=3790"},{"taxonomy":"post_tag","embeddable":true,"href":"https:\/\/incm.pt\/site\/en\/wp-json\/wp\/v2\/tags?post=3790"}],"curies":[{"name":"wp","href":"https:\/\/api.w.org\/{rel}","templated":true}]}}