{"id":3787,"date":"2021-12-14T22:11:51","date_gmt":"2021-12-14T22:11:51","guid":{"rendered":"https:\/\/incm.pt\/site\/?p=3787"},"modified":"2022-12-28T15:29:42","modified_gmt":"2022-12-28T15:29:42","slug":"imprensa-nacional-obras-mario-soares","status":"publish","type":"post","link":"https:\/\/incm.pt\/site\/en\/imprensa-nacional-obras-mario-soares\/","title":{"rendered":"IMPRENSA NACIONAL LAN\u00c7A COLE\u00c7\u00c3O \u201cOBRAS DE M\u00c1RIO SOARES\u201d"},"content":{"rendered":"<div>\n<p><strong><span lang=\"PT\">A Imprensa Nacional lan\u00e7ou a Cole\u00e7\u00e3o \u201cObras de M\u00e1rio Soares\u201d e o seu volume de apresenta\u00e7\u00e3o numa sess\u00e3o que decorreu na Funda\u00e7\u00e3o Calouste Gulbenkian e em que participaram o Presidente da Rep\u00fablica, o Presidente da Assembleia da Rep\u00fablica e o Primeiro-Ministro.<\/span><\/strong><\/p>\n<p>O Vol. 0, com o t\u00edtulo<span class=\"apple-converted-space\">\u00a0<\/span><span class=\"italico\"><i>As Ideias Pol\u00edticas e Sociais de Te\u00f3filo Braga &#8211; Com notas de leitura de Ant\u00f3nio S\u00e9rgio e cartas sobre a obra<\/i><\/span>, faz a apresenta\u00e7\u00e3o da cole\u00e7\u00e3o, que ser\u00e1 constitu\u00edda por v\u00e1rios livros que ser\u00e3o lan\u00e7ados pela Imprensa Nacional ao longo dos pr\u00f3ximos anos.<\/p>\n<p>Este projeto baseia-se na investiga\u00e7\u00e3o de mais de dois milh\u00f5es de documentos do arquivo do antigo Presidente da Rep\u00fablica, muitos deles in\u00e9ditos. Esta \u00e9 uma cole\u00e7\u00e3o que, nos seus v\u00e1rios volumes criteriosamente documentados, al\u00e9m das m\u00faltiplas obras publicadas em vida \u2013 como ensaios doutrin\u00e1rios, depoimentos, cr\u00f3nicas, entrevistas, mem\u00f3rias, discursos e interven\u00e7\u00f5es \u2013 acolher\u00e1 in\u00fameros escritos in\u00e9ditos e dispersos, como milhares de cartas trocadas com grandes figuras nacionais e internacionais. Este vasto esp\u00f3lio tem sido estudado, transcrito e anotado, dando-se a conhecer, nesta cole\u00e7\u00e3o, pela primeira vez, toda a obra escrita e o pensamento do pol\u00edtico e intelectual que foi M\u00e1rio Soares, figura fundamental da nossa hist\u00f3ria contempor\u00e2nea, cujos testemunhos s\u00e3o uma fonte prim\u00e1ria, insubstitu\u00edvel e essencial da historiografia portuguesa, mas tamb\u00e9m europeia e mundial recentes.<\/p>\n<p>A coordena\u00e7\u00e3o da cole\u00e7\u00e3o \u00e9 da responsabilidade de Jos\u00e9 Manuel dos Santos, antigo assessor e colaborador pr\u00f3ximo de M\u00e1rio Soares, para quem<strong><em> \u201cestas Obras de M\u00e1rio Soares s\u00e3o as de um pol\u00edtico que queria ser escritor \u2013 e que foi escritor ao ter sido pol\u00edtico. Para ele, a escrita e a pol\u00edtica eram duas formas de fazer o mundo. Sem uma, a outra n\u00e3o era ela. Com as duas, cada uma era ainda mais do que era.\u201d<span class=\"apple-converted-space\">\u00a0<\/span><\/em><\/strong><\/p>\n<p>Este Vol. 0 publica a primeira tese de licenciatura de M\u00e1rio Soares, que originou o seu primeiro livro, editado em 1950, com pref\u00e1cio do historiador Vitorino Magalh\u00e3es Godinho. O volume abre com um ensaio de Jos\u00e9 Manuel dos Santos sobre a natureza e os prop\u00f3sitos da cole\u00e7\u00e3o, e nele \u00e9 tamb\u00e9m contada a pol\u00e9mica hist\u00f3ria da defesa p\u00fablica desta tese, numa investiga\u00e7\u00e3o dos historiadores Pedro Marques Gomes e Teresa Cl\u00edmaco Leit\u00e3o, e integra a edi\u00e7\u00e3o fac-similada da obra com notas de leitura de Ant\u00f3nio S\u00e9rgio, seguida de diversas cartas in\u00e9ditas sobre o livro, transcritas e anotadas, de figuras como \u00c1lvaro Salema, M\u00e1rio Sacramento, M\u00e1rio de Azevedo Gomes, Ferreira de Castro, Domingos Pereira, Delfim Santos, Henrique de Barros, ente outros.<\/p>\n<p>Para Duarte Azinheira, Diretor Editorial da Imprensa Nacional-Casa da Moeda (INCM), <em><strong>\u201co lan\u00e7amento das Obras Completas de M\u00e1rio Soares \u00e9 um motivo de grande orgulho para a INCM, que desta forma cumpre com um dos seus principais pap\u00e9is no que diz respeito \u00e0 publica\u00e7\u00e3o de obras de grande impacto para o panorama nacional. O volume zero desta cole\u00e7\u00e3o inicia um ambicioso projeto que permite dar a conhecer o perfil do antigo estadista, que teve um papel fundamental na hist\u00f3ria recente de Portugal.\u201d<\/strong><\/em><\/p>\n<p>No pr\u00f3ximo ano a cole\u00e7\u00e3o vai apresentar o seu Vol. 1, uma edi\u00e7\u00e3o cr\u00edtica de<span class=\"apple-converted-space\">\u00a0<\/span><span class=\"italico\"><i>Portugal Amorda\u00e7ado<\/i><\/span>, um dos mais importantes testemunhos de luta contra o regime de Salazar, publicado, em 1972, em Paris, sob o t\u00edtulo<span class=\"apple-converted-space\">\u00a0<\/span><span class=\"italico\"><i>Portugal Baillon\u00e9 \u2014 Un T\u00e9moignage<\/i><\/span>, incluindo a extensa correspond\u00eancia in\u00e9dita que M\u00e1rio Soares recebeu e enviou sobre este livro. O volume contar\u00e1 com um vasto aparato cr\u00edtico e tamb\u00e9m com um estudo in\u00e9dito do historiador Fernando Rosas.<\/p>\n<\/div>\n","protected":false},"excerpt":{"rendered":"<p>A Imprensa Nacional lan\u00e7ou a Cole\u00e7\u00e3o \u201cObras de M\u00e1rio Soares\u201d e o seu volume de apresenta\u00e7\u00e3o numa sess\u00e3o que decorreu na Funda\u00e7\u00e3o Calouste Gulbenkian e em que participaram o Presidente da Rep\u00fablica, o Presidente da Assembleia da Rep\u00fablica e o Primeiro-Ministro. O Vol. 0, com o t\u00edtulo\u00a0As Ideias Pol\u00edticas e Sociais de Te\u00f3filo Braga &#8211; [&hellip;]<\/p>\n","protected":false},"author":1,"featured_media":3901,"comment_status":"open","ping_status":"open","sticky":false,"template":"","format":"standard","meta":{"_acf_changed":false,"_et_pb_use_builder":"","_et_pb_old_content":"","_et_gb_content_width":"","footnotes":""},"categories":[26],"tags":[],"class_list":["post-3787","post","type-post","status-publish","format-standard","has-post-thumbnail","hentry","category-cultura"],"acf":[],"_links":{"self":[{"href":"https:\/\/incm.pt\/site\/en\/wp-json\/wp\/v2\/posts\/3787","targetHints":{"allow":["GET"]}}],"collection":[{"href":"https:\/\/incm.pt\/site\/en\/wp-json\/wp\/v2\/posts"}],"about":[{"href":"https:\/\/incm.pt\/site\/en\/wp-json\/wp\/v2\/types\/post"}],"author":[{"embeddable":true,"href":"https:\/\/incm.pt\/site\/en\/wp-json\/wp\/v2\/users\/1"}],"replies":[{"embeddable":true,"href":"https:\/\/incm.pt\/site\/en\/wp-json\/wp\/v2\/comments?post=3787"}],"version-history":[{"count":0,"href":"https:\/\/incm.pt\/site\/en\/wp-json\/wp\/v2\/posts\/3787\/revisions"}],"wp:featuredmedia":[{"embeddable":true,"href":"https:\/\/incm.pt\/site\/en\/wp-json\/wp\/v2\/media\/3901"}],"wp:attachment":[{"href":"https:\/\/incm.pt\/site\/en\/wp-json\/wp\/v2\/media?parent=3787"}],"wp:term":[{"taxonomy":"category","embeddable":true,"href":"https:\/\/incm.pt\/site\/en\/wp-json\/wp\/v2\/categories?post=3787"},{"taxonomy":"post_tag","embeddable":true,"href":"https:\/\/incm.pt\/site\/en\/wp-json\/wp\/v2\/tags?post=3787"}],"curies":[{"name":"wp","href":"https:\/\/api.w.org\/{rel}","templated":true}]}}