{"id":3784,"date":"2021-12-11T22:08:59","date_gmt":"2021-12-11T22:08:59","guid":{"rendered":"https:\/\/incm.pt\/site\/?p=3784"},"modified":"2022-12-28T15:56:28","modified_gmt":"2022-12-28T15:56:28","slug":"imprensa-nacional-clara-azevedo","status":"publish","type":"post","link":"https:\/\/incm.pt\/site\/en\/imprensa-nacional-clara-azevedo\/","title":{"rendered":"IMPRENSA NACIONAL LAN\u00c7A 365 DIAS QUE MUDARAM AS NOSSAS VIDAS, DE CLARA AZEVEDO"},"content":{"rendered":"<div>\n<p><strong><span lang=\"PT\">No pr\u00f3ximo dia 22 de dezembro, quarta-feira, pelas 19 horas, na Livraria Ler Devagar, na Lx Factory, em Lisboa, ser\u00e1 apresentado o livro<span class=\"apple-converted-space\">\u00a0<\/span><span class=\"italico\"><i>365 Dias que Mudaram as Nossas Vidas<\/i><\/span>, de Clara Azevedo, um di\u00e1rio fotogr\u00e1fico onde a autora testemunha um ano marcado pela pandemia que assolou o pa\u00eds e o mundo.<\/span><\/strong><\/p>\n<p>A obra, que conta com pref\u00e1cio do Primeiro-Ministro, Ant\u00f3nio Costa, e com chancela da Imprensa Nacional, vai ser apresentada por Rita Redshoes, numa sess\u00e3o onde estar\u00e1 tamb\u00e9m presente a autora. A entrada \u00e9 livre de acordo com as normas vigentes da DGS.<\/p>\n<p><strong>Clara Azevedo nasceu em Lisboa, estudou Design no IADE \u2013 Creative University e Fotografia no AR.CO. Foi fotojornalista no jornal Expresso. A partir de 1995 inicia um percurso como fot\u00f3grafa independente, tendo desenvolvido v\u00e1rios projetos pessoais que deram origem a 12 livros. Est\u00e1 representada em v\u00e1rias cole\u00e7\u00f5es p\u00fablicas e particulares. Desde 2016, \u00e9 fot\u00f3grafa oficial do Primeiro-Ministro.<\/strong><\/p>\n<\/div>\n","protected":false},"excerpt":{"rendered":"<p>No pr\u00f3ximo dia 22 de dezembro, quarta-feira, pelas 19 horas, na Livraria Ler Devagar, na Lx Factory, em Lisboa, ser\u00e1 apresentado o livro\u00a0365 Dias que Mudaram as Nossas Vidas, de Clara Azevedo, um di\u00e1rio fotogr\u00e1fico onde a autora testemunha um ano marcado pela pandemia que assolou o pa\u00eds e o mundo. A obra, que conta [&hellip;]<\/p>\n","protected":false},"author":1,"featured_media":10250,"comment_status":"open","ping_status":"open","sticky":false,"template":"","format":"standard","meta":{"_acf_changed":false,"_et_pb_use_builder":"","_et_pb_old_content":"","_et_gb_content_width":"","footnotes":""},"categories":[26],"tags":[],"class_list":["post-3784","post","type-post","status-publish","format-standard","has-post-thumbnail","hentry","category-cultura"],"acf":[],"_links":{"self":[{"href":"https:\/\/incm.pt\/site\/en\/wp-json\/wp\/v2\/posts\/3784","targetHints":{"allow":["GET"]}}],"collection":[{"href":"https:\/\/incm.pt\/site\/en\/wp-json\/wp\/v2\/posts"}],"about":[{"href":"https:\/\/incm.pt\/site\/en\/wp-json\/wp\/v2\/types\/post"}],"author":[{"embeddable":true,"href":"https:\/\/incm.pt\/site\/en\/wp-json\/wp\/v2\/users\/1"}],"replies":[{"embeddable":true,"href":"https:\/\/incm.pt\/site\/en\/wp-json\/wp\/v2\/comments?post=3784"}],"version-history":[{"count":0,"href":"https:\/\/incm.pt\/site\/en\/wp-json\/wp\/v2\/posts\/3784\/revisions"}],"wp:featuredmedia":[{"embeddable":true,"href":"https:\/\/incm.pt\/site\/en\/wp-json\/wp\/v2\/media\/10250"}],"wp:attachment":[{"href":"https:\/\/incm.pt\/site\/en\/wp-json\/wp\/v2\/media?parent=3784"}],"wp:term":[{"taxonomy":"category","embeddable":true,"href":"https:\/\/incm.pt\/site\/en\/wp-json\/wp\/v2\/categories?post=3784"},{"taxonomy":"post_tag","embeddable":true,"href":"https:\/\/incm.pt\/site\/en\/wp-json\/wp\/v2\/tags?post=3784"}],"curies":[{"name":"wp","href":"https:\/\/api.w.org\/{rel}","templated":true}]}}