{"id":3778,"date":"2021-09-16T22:03:07","date_gmt":"2021-09-16T22:03:07","guid":{"rendered":"https:\/\/incm.pt\/site\/?p=3778"},"modified":"2022-12-28T15:30:34","modified_gmt":"2022-12-28T15:30:34","slug":"noticiais-entrega-premio-vicente-jorge-silva","status":"publish","type":"post","link":"https:\/\/incm.pt\/site\/en\/noticiais-entrega-premio-vicente-jorge-silva\/","title":{"rendered":"ENTREGA DO PR\u00c9MIO JORNALISMO DE EXCEL\u00caNCIA VICENTE JORGE SILVA"},"content":{"rendered":"<div>\n<p><strong><span lang=\"PT\">Ontem, na Sala Carlos Paredes da Sociedade Portuguesa de Autores (SPA), teve lugar a cerim\u00f3nia de entrega do Pr\u00e9mio Jornalismo de Excel\u00eancia Vicente Jorge Silva, promovido pela Imprensa Nacional-Casa da Moeda (INCM), e que, na sua 1.\u00aa edi\u00e7\u00e3o, distinguiu o trabalho<span class=\"apple-converted-space\">\u00a0<\/span><\/span><span lang=\"PT\"><a href=\"https:\/\/www.publico.pt\/2020\/10\/18\/mundo\/noticia\/estados-unidos-america-cronica-desuniao-1935713\" target=\"_blank\" rel=\"noopener\"><i>Estados Unidos da Am\u00e9rica, cr\u00f3nica de uma (des)uni\u00e3o<\/i><\/a><\/span><span lang=\"PT\">, da jornalista Isabel Lucas.<\/span><\/strong><\/p>\n<p><span lang=\"PT\">Foram tamb\u00e9m entregues duas men\u00e7\u00f5es a honrosas a<span class=\"apple-converted-space\">\u00a0<\/span><\/span><span lang=\"PT\"><a href=\"https:\/\/expresso.pt\/sociedade\/2021-08-12-Aliu-Camara-como-o-comando-que-perdeu-as-duas-pernas-ganhou-a-missao-da-sua-vida---voltar-a-andar--e-ele-acaba-de-inspirar-uma-nova-lei--5965c197\" target=\"_blank\" rel=\"noopener\"><i>Voltar a Marchar<\/i><\/a><\/span><span lang=\"PT\">, uma reportagem da autoria de Raquel Moleiro e de Tiago Miranda, e<span class=\"apple-converted-space\">\u00a0<\/span><\/span><span lang=\"PT\"><a href=\"https:\/\/expresso.pt\/luanda-leaks\/2020-01-19-Exclusivo-mundial.-Como-Isabel-dos-Santos-desviou-mais-de-100-milhoes-de-dolares-da-Sonangol-para-o-Dubai\" target=\"_blank\" rel=\"noopener\"><i>Luanda Leaks. Como Isabel dos Santos desviou mais de 100 milhoes de d\u00f3lares da Sonangol para o Dubai<\/i><\/a><\/span><span lang=\"PT\">, uma pe\u00e7a de investiga\u00e7\u00e3o assinada por Micael Pereira e Lu\u00eds Garriapa.<\/span><\/p>\n<p><strong>A cerim\u00f3nia contou com a presen\u00e7a de Gra\u00e7a Fonseca, Ministra da Cultura, que deu os parab\u00e9ns \u00e0 INCM pela iniciativa, \u201cpela forma como a INCM v\u00ea o seu papel em Portugal, mas tamb\u00e9m pela import\u00e2ncia de, ao homenagear o Vicente Jorge Silva, homenagear o jornalismo e a imprensa livre\u201d.<\/strong><\/p>\n<p>O evento contou ainda com a presen\u00e7a de Jos\u00e9 Jorge Letria, presidente da SPA, de Nicolau Santos, presidente do j\u00fari e presidente do Conselho de Administra\u00e7\u00e3o da RTP, de Gon\u00e7alo Caseiro, presidente do Conselho de Administra\u00e7\u00e3o da INCM, de Henrique Cayatte, designer, e de Jorge Wemans, jornalista e amigo de Vicente Jorge Silva, al\u00e9m dos jornalistas distinguidos na presente edi\u00e7\u00e3o.<\/p>\n<p><strong>Os trof\u00e9us entregues foram produzidos pelos profissionais da Unidade de Moeda da INCM a partir de desperd\u00edcios e materiais oriundos da \u00e1rea gr\u00e1fica, refletindo tamb\u00e9m a sustentabilidade e as preocupa\u00e7\u00f5es ambientais da empresa.<\/strong><\/p>\n<p><span lang=\"PT\">A cerim\u00f3nia teve transmiss\u00e3o em direto<span class=\"apple-converted-space\">\u00a0<\/span><span class=\"italico\"><i>online<\/i><\/span>, mas quem n\u00e3o teve oportunidade de acompanhar pode assistir<span class=\"apple-converted-space\">\u00a0<\/span><\/span><span lang=\"PT\"><a href=\"https:\/\/www.youtube.com\/watch?v=TOXBwtt6EIA\" target=\"_blank\" rel=\"noopener\">aqui<\/a><\/span><span lang=\"PT\">.<\/span><\/p>\n<\/div>\n","protected":false},"excerpt":{"rendered":"<p>Ontem, na Sala Carlos Paredes da Sociedade Portuguesa de Autores (SPA), teve lugar a cerim\u00f3nia de entrega do Pr\u00e9mio Jornalismo de Excel\u00eancia Vicente Jorge Silva, promovido pela Imprensa Nacional-Casa da Moeda (INCM), e que, na sua 1.\u00aa edi\u00e7\u00e3o, distinguiu o trabalho\u00a0Estados Unidos da Am\u00e9rica, cr\u00f3nica de uma (des)uni\u00e3o, da jornalista Isabel Lucas. Foram tamb\u00e9m entregues [&hellip;]<\/p>\n","protected":false},"author":1,"featured_media":3913,"comment_status":"open","ping_status":"open","sticky":false,"template":"","format":"standard","meta":{"_acf_changed":false,"_et_pb_use_builder":"","_et_pb_old_content":"","_et_gb_content_width":"","footnotes":""},"categories":[26],"tags":[],"class_list":["post-3778","post","type-post","status-publish","format-standard","has-post-thumbnail","hentry","category-cultura"],"acf":[],"_links":{"self":[{"href":"https:\/\/incm.pt\/site\/en\/wp-json\/wp\/v2\/posts\/3778","targetHints":{"allow":["GET"]}}],"collection":[{"href":"https:\/\/incm.pt\/site\/en\/wp-json\/wp\/v2\/posts"}],"about":[{"href":"https:\/\/incm.pt\/site\/en\/wp-json\/wp\/v2\/types\/post"}],"author":[{"embeddable":true,"href":"https:\/\/incm.pt\/site\/en\/wp-json\/wp\/v2\/users\/1"}],"replies":[{"embeddable":true,"href":"https:\/\/incm.pt\/site\/en\/wp-json\/wp\/v2\/comments?post=3778"}],"version-history":[{"count":0,"href":"https:\/\/incm.pt\/site\/en\/wp-json\/wp\/v2\/posts\/3778\/revisions"}],"wp:featuredmedia":[{"embeddable":true,"href":"https:\/\/incm.pt\/site\/en\/wp-json\/wp\/v2\/media\/3913"}],"wp:attachment":[{"href":"https:\/\/incm.pt\/site\/en\/wp-json\/wp\/v2\/media?parent=3778"}],"wp:term":[{"taxonomy":"category","embeddable":true,"href":"https:\/\/incm.pt\/site\/en\/wp-json\/wp\/v2\/categories?post=3778"},{"taxonomy":"post_tag","embeddable":true,"href":"https:\/\/incm.pt\/site\/en\/wp-json\/wp\/v2\/tags?post=3778"}],"curies":[{"name":"wp","href":"https:\/\/api.w.org\/{rel}","templated":true}]}}