{"id":2774,"date":"2021-11-18T16:55:45","date_gmt":"2021-11-18T16:55:45","guid":{"rendered":"https:\/\/incm.pt\/site\/?p=2774"},"modified":"2022-12-28T15:29:55","modified_gmt":"2022-12-28T15:29:55","slug":"apresentacao-comunidades-portuguesas-entrega-premio-imprensa-nacional","status":"publish","type":"post","link":"https:\/\/incm.pt\/site\/en\/apresentacao-comunidades-portuguesas-entrega-premio-imprensa-nacional\/","title":{"rendered":"APRESENTA\u00c7\u00c3O DA COLE\u00c7\u00c3O &#8220;COMUNIDADES PORTUGUESAS&#8221; E CERIM\u00d3NIA DE ENTREGA DO PR\u00c9MIO IMPRENSA NACIONAL \/ FERREIRA DE CASTRO"},"content":{"rendered":"<p><strong>Hoje, a partir das 18h00, na Biblioteca da Imprensa Nacional, tem lugar a sess\u00e3o de apresenta\u00e7\u00e3o da cole\u00e7\u00e3o \u00abComunidades Portuguesas\u00bb, seguida da cerim\u00f3nia de entrega do Pr\u00e9mio Imprensa Nacional\/Ferreira de Castro 2020, a M\u00f3nica Vieira-Auer.<\/strong><\/p>\n<p>Intervir\u00e3o na sess\u00e3o o Embaixador Lu\u00eds Filipe Castro Mendes, o Professor Doutor Carlos Reis e o diretor de Edi\u00e7\u00e3o e Cultura da INCM, Duarte Azinheira. O evento contar\u00e1 tamb\u00e9m com a presen\u00e7a do Ministro de Estado e dos Neg\u00f3cios Estrangeiros, Augusto Santos Silva, que far\u00e1 o encerramento da sess\u00e3o.<\/p>\n<p>A Cole\u00e7\u00e3o &#8220;<strong>Comunidades Portuguesas&#8221;<\/strong>\u00a0pretende trazer a p\u00fablico testemunhos, documentos, ensaios e obras de cria\u00e7\u00e3o liter\u00e1ria respeitantes aos portugueses que vivem, trabalham e criam fora de Portugal. Com esta cole\u00e7\u00e3o, iniciativa conjunta do Minist\u00e9rio dos Neg\u00f3cios Estrangeiros e da Imprensa Nacional-Casa da Moeda, quer dar-se visibilidade e voz \u00e0s nossas comunidades residentes no estrangeiro.<\/p>\n<p>A vencedora da 2.\u00aa edi\u00e7\u00e3o do pr\u00e9mio \u00e9 M\u00f3nica Vieira-Auer, portuguesa a residir na Alemanha, e autora de antes ontem que amanh\u00e3. Al\u00e9m de um pr\u00e9mio pecuni\u00e1rio no valor de cinco mil euros, M\u00f3nica Vieira-Auer acaba de publicar o seu trabalho na cole\u00e7\u00e3o <strong>&#8220;Comunidades Portuguesas&#8221;.<\/strong><\/p>\n<p><strong>O Pr\u00e9mio Imprensa Nacional\/Ferreira de Castro, atribu\u00eddo em conjunto pelo Minist\u00e9rio dos Neg\u00f3cios Estrangeiros e pela Imprensa Nacional-Casa da Moeda, tem como objetivo homenagear a figura incontorn\u00e1vel de Ferreira de Castro e refor\u00e7ar os v\u00ednculos de perten\u00e7a \u00e0 l\u00edngua e cultura portuguesas de cidad\u00e3os nacionais residentes no estrangeiro e lusodescendentes.<\/strong><\/p>\n","protected":false},"excerpt":{"rendered":"<p>Hoje, a partir das 18h00, na Biblioteca da Imprensa Nacional, tem lugar a sess\u00e3o de apresenta\u00e7\u00e3o da cole\u00e7\u00e3o \u00abComunidades Portuguesas\u00bb, seguida da cerim\u00f3nia de entrega do Pr\u00e9mio Imprensa Nacional\/Ferreira de Castro 2020, a M\u00f3nica Vieira-Auer. Intervir\u00e3o na sess\u00e3o o Embaixador Lu\u00eds Filipe Castro Mendes, o Professor Doutor Carlos Reis e o diretor de Edi\u00e7\u00e3o e [&hellip;]<\/p>\n","protected":false},"author":1,"featured_media":3903,"comment_status":"open","ping_status":"open","sticky":false,"template":"","format":"standard","meta":{"_acf_changed":false,"_et_pb_use_builder":"off","_et_pb_old_content":"<strong>Hoje, a partir das 18h00, na Biblioteca da Imprensa Nacional, tem lugar a sess\u00e3o de apresenta\u00e7\u00e3o da cole\u00e7\u00e3o \u00abComunidades Portuguesas\u00bb, seguida da cerim\u00f3nia de entrega do Pr\u00e9mio Imprensa Nacional\/Ferreira de Castro 2020, a M\u00f3nica Vieira-Auer.<\/strong>\r\n\r\nIntervir\u00e3o na sess\u00e3o o Embaixador Lu\u00eds Filipe Castro Mendes, o Professor Doutor Carlos Reis e o diretor de Edi\u00e7\u00e3o e Cultura da INCM, Duarte Azinheira. O evento contar\u00e1 tamb\u00e9m com a presen\u00e7a do Ministro de Estado e dos Neg\u00f3cios Estrangeiros, Augusto Santos Silva, que far\u00e1 o encerramento da sess\u00e3o.\r\n\r\nA Cole\u00e7\u00e3o \"<strong>Comunidades Portuguesas\"<\/strong>\u00a0pretende trazer a p\u00fablico testemunhos, documentos, ensaios e obras de cria\u00e7\u00e3o liter\u00e1ria respeitantes aos portugueses que vivem, trabalham e criam fora de Portugal. Com esta cole\u00e7\u00e3o, iniciativa conjunta do Minist\u00e9rio dos Neg\u00f3cios Estrangeiros e da Imprensa Nacional-Casa da Moeda, quer dar-se visibilidade e voz \u00e0s nossas comunidades residentes no estrangeiro.\r\n\r\nA vencedora da 2.\u00aa edi\u00e7\u00e3o do pr\u00e9mio \u00e9 M\u00f3nica Vieira-Auer, portuguesa a residir na Alemanha, e autora de antes ontem que amanh\u00e3. Al\u00e9m de um pr\u00e9mio pecuni\u00e1rio no valor de cinco mil euros, M\u00f3nica Vieira-Auer acaba de publicar o seu trabalho na cole\u00e7\u00e3o <strong>\"Comunidades Portuguesas\".<\/strong>\r\n\r\n<strong>O Pr\u00e9mio Imprensa Nacional\/Ferreira de Castro, atribu\u00eddo em conjunto pelo Minist\u00e9rio dos Neg\u00f3cios Estrangeiros e pela Imprensa Nacional-Casa da Moeda, tem como objetivo homenagear a figura incontorn\u00e1vel de Ferreira de Castro e refor\u00e7ar os v\u00ednculos de perten\u00e7a \u00e0 l\u00edngua e cultura portuguesas de cidad\u00e3os nacionais residentes no estrangeiro e lusodescendentes.<\/strong>","_et_gb_content_width":"","footnotes":""},"categories":[26],"tags":[],"class_list":["post-2774","post","type-post","status-publish","format-standard","has-post-thumbnail","hentry","category-cultura"],"acf":[],"_links":{"self":[{"href":"https:\/\/incm.pt\/site\/en\/wp-json\/wp\/v2\/posts\/2774","targetHints":{"allow":["GET"]}}],"collection":[{"href":"https:\/\/incm.pt\/site\/en\/wp-json\/wp\/v2\/posts"}],"about":[{"href":"https:\/\/incm.pt\/site\/en\/wp-json\/wp\/v2\/types\/post"}],"author":[{"embeddable":true,"href":"https:\/\/incm.pt\/site\/en\/wp-json\/wp\/v2\/users\/1"}],"replies":[{"embeddable":true,"href":"https:\/\/incm.pt\/site\/en\/wp-json\/wp\/v2\/comments?post=2774"}],"version-history":[{"count":0,"href":"https:\/\/incm.pt\/site\/en\/wp-json\/wp\/v2\/posts\/2774\/revisions"}],"wp:featuredmedia":[{"embeddable":true,"href":"https:\/\/incm.pt\/site\/en\/wp-json\/wp\/v2\/media\/3903"}],"wp:attachment":[{"href":"https:\/\/incm.pt\/site\/en\/wp-json\/wp\/v2\/media?parent=2774"}],"wp:term":[{"taxonomy":"category","embeddable":true,"href":"https:\/\/incm.pt\/site\/en\/wp-json\/wp\/v2\/categories?post=2774"},{"taxonomy":"post_tag","embeddable":true,"href":"https:\/\/incm.pt\/site\/en\/wp-json\/wp\/v2\/tags?post=2774"}],"curies":[{"name":"wp","href":"https:\/\/api.w.org\/{rel}","templated":true}]}}