{"id":2770,"date":"2021-10-04T16:53:58","date_gmt":"2021-10-04T16:53:58","guid":{"rendered":"https:\/\/incm.pt\/site\/?p=2770"},"modified":"2022-12-29T21:59:25","modified_gmt":"2022-12-29T21:59:25","slug":"apresentacao-livro-idade-papel","status":"publish","type":"post","link":"https:\/\/incm.pt\/site\/en\/apresentacao-livro-idade-papel\/","title":{"rendered":"APRESENTA\u00c7\u00c3O DO LIVRO A IDADE DO PAPEL: ARTE POL\u00cdTICA E SOCIEDADE NO TEMPO DAS LUZES &#8211; VOL. I"},"content":{"rendered":"<p><strong>O livro A Idade do Papel: Arte, Pol\u00edtica e Sociedade no Tempo das Luzes. Vol. I: A Vida de Joaquim Carneiro da Silva (1732-1818) vai ser apresentado no Museu Nacional de Arte Antiga (\u00c1trio Principal), no dia 14 de outubro, pelas 18h00.<\/strong><\/p>\n<p>A obra, da autoria de Miguel Figueira de Faria, Professor Catedr\u00e1tico do Departamento de Hist\u00f3ria, Artes e Humanidades da Universidade Aut\u00f3noma de Lisboa, vai ser apresentada por V\u00edtor Serr\u00e3o, Professor Catedr\u00e1tico da Faculdade de Letras da Universidade de Lisboa, e Nuno Monteiro, Investigador Coordenador do Instituto de Ci\u00eancias Sociais da Universidade de Lisboa.<\/p>\n<p><strong>A apresenta\u00e7\u00e3o ser\u00e1 antecedida por uma visita guiada, pelas 17h30, \u00e0 exposi\u00e7\u00e3o Joaquim Carneiro da Silva (1727-1818). Desenhos e gravuras, pela comiss\u00e1ria, Dr.\u00aa Alexandre Gomes Markl.<\/strong><\/p>\n<p>Joaquim Carneiro da Silva foi o mestre da primeira escola de gravura portuguesa, adida \u00e0 Impress\u00e3o R\u00e9gia. As celebra\u00e7\u00f5es dos 250 anos da Imprensa Nacional proporcionaram a presente edi\u00e7\u00e3o, que resulta de uma investiga\u00e7\u00e3o levada a cabo nas duas \u00faltimas d\u00e9cadas.<\/p>\n","protected":false},"excerpt":{"rendered":"<p>O livro A Idade do Papel: Arte, Pol\u00edtica e Sociedade no Tempo das Luzes. Vol. I: A Vida de Joaquim Carneiro da Silva (1732-1818) vai ser apresentado no Museu Nacional de Arte Antiga (\u00c1trio Principal), no dia 14 de outubro, pelas 18h00. A obra, da autoria de Miguel Figueira de Faria, Professor Catedr\u00e1tico do Departamento [&hellip;]<\/p>\n","protected":false},"author":1,"featured_media":10341,"comment_status":"open","ping_status":"open","sticky":false,"template":"","format":"standard","meta":{"_acf_changed":false,"_et_pb_use_builder":"","_et_pb_old_content":"","_et_gb_content_width":"","footnotes":""},"categories":[26],"tags":[],"class_list":["post-2770","post","type-post","status-publish","format-standard","has-post-thumbnail","hentry","category-cultura"],"acf":[],"_links":{"self":[{"href":"https:\/\/incm.pt\/site\/en\/wp-json\/wp\/v2\/posts\/2770","targetHints":{"allow":["GET"]}}],"collection":[{"href":"https:\/\/incm.pt\/site\/en\/wp-json\/wp\/v2\/posts"}],"about":[{"href":"https:\/\/incm.pt\/site\/en\/wp-json\/wp\/v2\/types\/post"}],"author":[{"embeddable":true,"href":"https:\/\/incm.pt\/site\/en\/wp-json\/wp\/v2\/users\/1"}],"replies":[{"embeddable":true,"href":"https:\/\/incm.pt\/site\/en\/wp-json\/wp\/v2\/comments?post=2770"}],"version-history":[{"count":0,"href":"https:\/\/incm.pt\/site\/en\/wp-json\/wp\/v2\/posts\/2770\/revisions"}],"wp:featuredmedia":[{"embeddable":true,"href":"https:\/\/incm.pt\/site\/en\/wp-json\/wp\/v2\/media\/10341"}],"wp:attachment":[{"href":"https:\/\/incm.pt\/site\/en\/wp-json\/wp\/v2\/media?parent=2770"}],"wp:term":[{"taxonomy":"category","embeddable":true,"href":"https:\/\/incm.pt\/site\/en\/wp-json\/wp\/v2\/categories?post=2770"},{"taxonomy":"post_tag","embeddable":true,"href":"https:\/\/incm.pt\/site\/en\/wp-json\/wp\/v2\/tags?post=2770"}],"curies":[{"name":"wp","href":"https:\/\/api.w.org\/{rel}","templated":true}]}}