{"id":2767,"date":"2021-09-09T16:51:48","date_gmt":"2021-09-09T16:51:48","guid":{"rendered":"https:\/\/incm.pt\/site\/?p=2767"},"modified":"2022-12-29T21:56:59","modified_gmt":"2022-12-29T21:56:59","slug":"apresentacao-livro-imprensa-revolucao","status":"publish","type":"post","link":"https:\/\/incm.pt\/site\/en\/apresentacao-livro-imprensa-revolucao\/","title":{"rendered":"APRESENTA\u00c7\u00c3O DO LIVRO A IMPRENSA NA REVOLU\u00c7\u00c3O. OS NOVOS JORNAIS E AS LUTAS POL\u00cdTICAS DE 1975"},"content":{"rendered":"<p><strong>O livro A Imprensa Na Revolu\u00e7\u00e3o. Os Novos Jornais e as Lutas Pol\u00edticas de 1975, de Pedro Marques Gomes, vai ser apresentado no pr\u00f3ximo s\u00e1bado, dia 11 de setembro, pelas 18 horas, no Audit\u00f3rio Sul da Feira do Livro de Lisboa, no Parque Eduardo VII.<\/strong><\/p>\n<p>A apresenta\u00e7\u00e3o da obra vai estar a cargo de Alberto Arons de Carvalho, Joaquim Letria, Jos\u00e9 Sasportes e Duarte Azinheira e vai contar tamb\u00e9m com a presen\u00e7a do autor.<\/p>\n<p><strong>A entrada \u00e9 livre (limitada \u00e0 capacidade do espa\u00e7o) e o uso de m\u00e1scara \u00e9 obrigat\u00f3rio.<\/strong><\/p>\n","protected":false},"excerpt":{"rendered":"<p>O livro A Imprensa Na Revolu\u00e7\u00e3o. Os Novos Jornais e as Lutas Pol\u00edticas de 1975, de Pedro Marques Gomes, vai ser apresentado no pr\u00f3ximo s\u00e1bado, dia 11 de setembro, pelas 18 horas, no Audit\u00f3rio Sul da Feira do Livro de Lisboa, no Parque Eduardo VII. A apresenta\u00e7\u00e3o da obra vai estar a cargo de Alberto [&hellip;]<\/p>\n","protected":false},"author":1,"featured_media":10332,"comment_status":"open","ping_status":"open","sticky":false,"template":"","format":"standard","meta":{"_acf_changed":false,"_et_pb_use_builder":"","_et_pb_old_content":"","_et_gb_content_width":"","footnotes":""},"categories":[26],"tags":[],"class_list":["post-2767","post","type-post","status-publish","format-standard","has-post-thumbnail","hentry","category-cultura"],"acf":[],"_links":{"self":[{"href":"https:\/\/incm.pt\/site\/en\/wp-json\/wp\/v2\/posts\/2767","targetHints":{"allow":["GET"]}}],"collection":[{"href":"https:\/\/incm.pt\/site\/en\/wp-json\/wp\/v2\/posts"}],"about":[{"href":"https:\/\/incm.pt\/site\/en\/wp-json\/wp\/v2\/types\/post"}],"author":[{"embeddable":true,"href":"https:\/\/incm.pt\/site\/en\/wp-json\/wp\/v2\/users\/1"}],"replies":[{"embeddable":true,"href":"https:\/\/incm.pt\/site\/en\/wp-json\/wp\/v2\/comments?post=2767"}],"version-history":[{"count":0,"href":"https:\/\/incm.pt\/site\/en\/wp-json\/wp\/v2\/posts\/2767\/revisions"}],"wp:featuredmedia":[{"embeddable":true,"href":"https:\/\/incm.pt\/site\/en\/wp-json\/wp\/v2\/media\/10332"}],"wp:attachment":[{"href":"https:\/\/incm.pt\/site\/en\/wp-json\/wp\/v2\/media?parent=2767"}],"wp:term":[{"taxonomy":"category","embeddable":true,"href":"https:\/\/incm.pt\/site\/en\/wp-json\/wp\/v2\/categories?post=2767"},{"taxonomy":"post_tag","embeddable":true,"href":"https:\/\/incm.pt\/site\/en\/wp-json\/wp\/v2\/tags?post=2767"}],"curies":[{"name":"wp","href":"https:\/\/api.w.org\/{rel}","templated":true}]}}