{"id":26553,"date":"2025-03-05T11:16:16","date_gmt":"2025-03-05T11:16:16","guid":{"rendered":"https:\/\/incm.pt\/site\/?p=26553"},"modified":"2025-03-05T11:19:55","modified_gmt":"2025-03-05T11:19:55","slug":"moeda-comemorativa-dos-900-anos-do-foral-de-ponte-de-lima-apresentada-ao-publico","status":"publish","type":"post","link":"https:\/\/incm.pt\/site\/en\/moeda-comemorativa-dos-900-anos-do-foral-de-ponte-de-lima-apresentada-ao-publico\/","title":{"rendered":"Moeda comemorativa dos 900 anos do foral de Ponte de Lima apresentada ao p\u00fablico"},"content":{"rendered":"<p>A <a href=\"https:\/\/youtu.be\/T02cocZGpk0\" target=\"_blank\" rel=\"noopener\">moeda de cole\u00e7\u00e3o comemorativa dos 900 anos do foral de Ponte de Lima<\/a> foi apresentada neste munic\u00edpio ontem, dia 4 de mar\u00e7o, precisamente na data em que se completaram 9 s\u00e9culos da concess\u00e3o deste documento hist\u00f3rico por D. Teresa, m\u00e3e de D. Afonso Henriques, primeiro rei de Portugal.<\/p>\n<p>Durante a apresenta\u00e7\u00e3o da moeda, que teve lugar no recinto da Expolima, integrada na Sess\u00e3o Solene das Comemora\u00e7\u00f5es do Dia de Ponte de Lima, Duarte Azinheira, administrador executivo da Imprensa Nacional-Casa da Moeda (INCM), falou sobre a dimens\u00e3o cultural das moedas e sobre a responsabilidade da empresa no que respeita \u00e0 \u00abpromo\u00e7\u00e3o da l\u00edngua e da cultura portuguesas\u00bb, sublinhando que uma \u00abinstitui\u00e7\u00e3o como a Casa da Moeda n\u00e3o podia passar ao lado de uma data t\u00e3o importante para Ponte de Lima e t\u00e3o importante para Portugal\u00bb.<\/p>\n<p>Esta moeda, concebida pelos escultores Fernando Branco e Isabel Carri\u00e7o, tem o valor facial de 7,5 \u20ac e conta com uma emiss\u00e3o limitada a 1500 moedas em ouro 999\u2030 com acabamento especial <em>proof<\/em> (prova numism\u00e1tica), 3000 moedas em prata 925\u2030, tamb\u00e9m em <em>proof<\/em>, e 30 000 unidades em cupron\u00edquel com acabamento normal.<\/p>\n","protected":false},"excerpt":{"rendered":"<p>A moeda de cole\u00e7\u00e3o comemorativa dos 900 anos do foral de Ponte de Lima foi apresentada neste munic\u00edpio ontem, dia 4 de mar\u00e7o, precisamente na data em que se completaram 9 s\u00e9culos da concess\u00e3o deste documento hist\u00f3rico por D. Teresa, m\u00e3e de D. Afonso Henriques, primeiro rei de Portugal. Durante a apresenta\u00e7\u00e3o da moeda, que [&hellip;]<\/p>\n","protected":false},"author":16,"featured_media":26554,"comment_status":"open","ping_status":"open","sticky":false,"template":"","format":"standard","meta":{"_acf_changed":false,"_et_pb_use_builder":"","_et_pb_old_content":"","_et_gb_content_width":"","footnotes":""},"categories":[20],"tags":[],"class_list":["post-26553","post","type-post","status-publish","format-standard","has-post-thumbnail","hentry","category-numismatica"],"acf":[],"_links":{"self":[{"href":"https:\/\/incm.pt\/site\/en\/wp-json\/wp\/v2\/posts\/26553","targetHints":{"allow":["GET"]}}],"collection":[{"href":"https:\/\/incm.pt\/site\/en\/wp-json\/wp\/v2\/posts"}],"about":[{"href":"https:\/\/incm.pt\/site\/en\/wp-json\/wp\/v2\/types\/post"}],"author":[{"embeddable":true,"href":"https:\/\/incm.pt\/site\/en\/wp-json\/wp\/v2\/users\/16"}],"replies":[{"embeddable":true,"href":"https:\/\/incm.pt\/site\/en\/wp-json\/wp\/v2\/comments?post=26553"}],"version-history":[{"count":1,"href":"https:\/\/incm.pt\/site\/en\/wp-json\/wp\/v2\/posts\/26553\/revisions"}],"predecessor-version":[{"id":26558,"href":"https:\/\/incm.pt\/site\/en\/wp-json\/wp\/v2\/posts\/26553\/revisions\/26558"}],"wp:featuredmedia":[{"embeddable":true,"href":"https:\/\/incm.pt\/site\/en\/wp-json\/wp\/v2\/media\/26554"}],"wp:attachment":[{"href":"https:\/\/incm.pt\/site\/en\/wp-json\/wp\/v2\/media?parent=26553"}],"wp:term":[{"taxonomy":"category","embeddable":true,"href":"https:\/\/incm.pt\/site\/en\/wp-json\/wp\/v2\/categories?post=26553"},{"taxonomy":"post_tag","embeddable":true,"href":"https:\/\/incm.pt\/site\/en\/wp-json\/wp\/v2\/tags?post=26553"}],"curies":[{"name":"wp","href":"https:\/\/api.w.org\/{rel}","templated":true}]}}