{"id":23692,"date":"2024-07-05T14:56:32","date_gmt":"2024-07-05T14:56:32","guid":{"rendered":"https:\/\/incm.pt\/site\/?p=23692"},"modified":"2024-07-05T14:56:32","modified_gmt":"2024-07-05T14:56:32","slug":"moeda-equipa-olimpica-portugal-apresentada-no-museu-do-dinheiro","status":"publish","type":"post","link":"https:\/\/incm.pt\/site\/en\/moeda-equipa-olimpica-portugal-apresentada-no-museu-do-dinheiro\/","title":{"rendered":"Moeda \u00abEquipa Ol\u00edmpica Portugal\u00bb apresentada no Museu do Dinheiro"},"content":{"rendered":"<p>A moeda corrente comemorativa \u00abEquipa Ol\u00edmpica Portugal\u00bb, da autoria da escultora Rita Margarida, foi apresentada ontem no Museu do Dinheiro, em Lisboa.<\/p>\n<p>Al\u00e9m da autora, o evento contou com a participa\u00e7\u00e3o do Secret\u00e1rio de Estado do Desporto, Pedro Dias, da Vice-Governadora do Banco de Portugal, Clara Raposo, do Presidente do Comit\u00e9 Ol\u00edmpico de Portugal, Jos\u00e9 Manuel Constantino, e da Presidente do Conselho de Administra\u00e7\u00e3o da Imprensa Nacional-Casa da Moeda, Dora Moita.<\/p>\n<p>O <em>design<\/em> da moeda que celebra a participa\u00e7\u00e3o de Portugal nos XXXIII Jogos Ol\u00edmpicos de Ver\u00e3o, em Paris, d\u00e1 relevo a um cora\u00e7\u00e3o formado por figuras estilizadas, representando a uni\u00e3o e a nobreza de ideais, e evocando tamb\u00e9m a tradi\u00e7\u00e3o artesanal portuguesa.<\/p>\n<p>Esta moeda, com valor facial de 2\u20ac, conta com uma emiss\u00e3o limitada a 500 mil unidades com acabamento normal, 10 mil exemplares com acabamento especial BNC e 10 mil unidades com acabamento especial \u00a0<em>proof<\/em>, estas \u00faltimas com inser\u00e7\u00e3o de cor.<\/p>\n","protected":false},"excerpt":{"rendered":"<p>A moeda corrente comemorativa \u00abEquipa Ol\u00edmpica Portugal\u00bb, da autoria da escultora Rita Margarida, foi apresentada ontem no Museu do Dinheiro, em Lisboa. Al\u00e9m da autora, o evento contou com a participa\u00e7\u00e3o do Secret\u00e1rio de Estado do Desporto, Pedro Dias, da Vice-Governadora do Banco de Portugal, Clara Raposo, do Presidente do Comit\u00e9 Ol\u00edmpico de Portugal, Jos\u00e9 [&hellip;]<\/p>\n","protected":false},"author":16,"featured_media":23693,"comment_status":"open","ping_status":"open","sticky":false,"template":"","format":"standard","meta":{"_acf_changed":false,"_et_pb_use_builder":"","_et_pb_old_content":"","_et_gb_content_width":"","footnotes":""},"categories":[20],"tags":[],"class_list":["post-23692","post","type-post","status-publish","format-standard","has-post-thumbnail","hentry","category-numismatica"],"acf":[],"_links":{"self":[{"href":"https:\/\/incm.pt\/site\/en\/wp-json\/wp\/v2\/posts\/23692","targetHints":{"allow":["GET"]}}],"collection":[{"href":"https:\/\/incm.pt\/site\/en\/wp-json\/wp\/v2\/posts"}],"about":[{"href":"https:\/\/incm.pt\/site\/en\/wp-json\/wp\/v2\/types\/post"}],"author":[{"embeddable":true,"href":"https:\/\/incm.pt\/site\/en\/wp-json\/wp\/v2\/users\/16"}],"replies":[{"embeddable":true,"href":"https:\/\/incm.pt\/site\/en\/wp-json\/wp\/v2\/comments?post=23692"}],"version-history":[{"count":1,"href":"https:\/\/incm.pt\/site\/en\/wp-json\/wp\/v2\/posts\/23692\/revisions"}],"predecessor-version":[{"id":23697,"href":"https:\/\/incm.pt\/site\/en\/wp-json\/wp\/v2\/posts\/23692\/revisions\/23697"}],"wp:featuredmedia":[{"embeddable":true,"href":"https:\/\/incm.pt\/site\/en\/wp-json\/wp\/v2\/media\/23693"}],"wp:attachment":[{"href":"https:\/\/incm.pt\/site\/en\/wp-json\/wp\/v2\/media?parent=23692"}],"wp:term":[{"taxonomy":"category","embeddable":true,"href":"https:\/\/incm.pt\/site\/en\/wp-json\/wp\/v2\/categories?post=23692"},{"taxonomy":"post_tag","embeddable":true,"href":"https:\/\/incm.pt\/site\/en\/wp-json\/wp\/v2\/tags?post=23692"}],"curies":[{"name":"wp","href":"https:\/\/api.w.org\/{rel}","templated":true}]}}