{"id":19494,"date":"2023-10-25T12:26:04","date_gmt":"2023-10-25T12:26:04","guid":{"rendered":"https:\/\/incm.pt\/site\/?p=19494"},"modified":"2023-10-25T12:27:35","modified_gmt":"2023-10-25T12:27:35","slug":"exposicao-ouro-real-tesouros-numismaticos-da-monarquia-portuguesa","status":"publish","type":"post","link":"https:\/\/incm.pt\/site\/en\/exposicao-ouro-real-tesouros-numismaticos-da-monarquia-portuguesa\/","title":{"rendered":"Exposi\u00e7\u00e3o \u00abOuro Real: Tesouros Numism\u00e1ticos da Monarquia Portuguesa\u00bb"},"content":{"rendered":"<p>A exposi\u00e7\u00e3o intitulada \u00abOuro Real: Tesouros Numism\u00e1ticos da Monarquia Portuguesa \u2014 Cole\u00e7\u00e3o Museu Casa da Moeda\u00bb foi ontem inaugurada no <a href=\"https:\/\/www.tesouroreal.pt\/\" target=\"_blank\" rel=\"noopener\">Museu do Tesouro Real<\/a>, em Lisboa, fruto da parceria estabelecida entre esta institui\u00e7\u00e3o e a Imprensa Nacional-Casa da Moeda (INCM).<\/p>\n<p>O evento contou com interven\u00e7\u00f5es do historiador e numismata M\u00e1rio Gouveia, que tamb\u00e9m \u00e9 conservador do Museu Casa da Moeda e curador do n\u00facleo expositivo, e de Rita Assis, diretora de Marketing e Canais da INCM.<\/p>\n<p>Durante a inaugura\u00e7\u00e3o, houve ainda lugar a uma palestra pelo escultor Rui Vasquez, que discorreu sobre &#8220;O Papel de um Escultor na Cria\u00e7\u00e3o de Moedas de Cole\u00e7\u00e3o&#8221;, revelando como a criatividade e a vis\u00e3o dos artistas desempenharam um papel fundamental na cria\u00e7\u00e3o de moedas que transcendem o seu valor monet\u00e1rio.<\/p>\n<p>Esta exposi\u00e7\u00e3o mostra ao p\u00fablico, em diferentes pain\u00e9is, uma sele\u00e7\u00e3o de moedas de ouro produzidas, em Portugal, entre os s\u00e9culos XII e XIX, que simbolizam o poder e o prest\u00edgio da realeza portuguesa e que nos ajudam a contar a hist\u00f3ria do pa\u00eds e do seu valioso legado patrimonial.<\/p>\n","protected":false},"excerpt":{"rendered":"<p>A exposi\u00e7\u00e3o intitulada \u00abOuro Real: Tesouros Numism\u00e1ticos da Monarquia Portuguesa \u2014 Cole\u00e7\u00e3o Museu Casa da Moeda\u00bb foi ontem inaugurada no Museu do Tesouro Real, em Lisboa, fruto da parceria estabelecida entre esta institui\u00e7\u00e3o e a Imprensa Nacional-Casa da Moeda (INCM). O evento contou com interven\u00e7\u00f5es do historiador e numismata M\u00e1rio Gouveia, que tamb\u00e9m \u00e9 conservador [&hellip;]<\/p>\n","protected":false},"author":16,"featured_media":19495,"comment_status":"open","ping_status":"open","sticky":false,"template":"","format":"standard","meta":{"_acf_changed":false,"_et_pb_use_builder":"","_et_pb_old_content":"","_et_gb_content_width":"","footnotes":""},"categories":[20],"tags":[],"class_list":["post-19494","post","type-post","status-publish","format-standard","has-post-thumbnail","hentry","category-numismatica"],"acf":[],"_links":{"self":[{"href":"https:\/\/incm.pt\/site\/en\/wp-json\/wp\/v2\/posts\/19494","targetHints":{"allow":["GET"]}}],"collection":[{"href":"https:\/\/incm.pt\/site\/en\/wp-json\/wp\/v2\/posts"}],"about":[{"href":"https:\/\/incm.pt\/site\/en\/wp-json\/wp\/v2\/types\/post"}],"author":[{"embeddable":true,"href":"https:\/\/incm.pt\/site\/en\/wp-json\/wp\/v2\/users\/16"}],"replies":[{"embeddable":true,"href":"https:\/\/incm.pt\/site\/en\/wp-json\/wp\/v2\/comments?post=19494"}],"version-history":[{"count":2,"href":"https:\/\/incm.pt\/site\/en\/wp-json\/wp\/v2\/posts\/19494\/revisions"}],"predecessor-version":[{"id":19500,"href":"https:\/\/incm.pt\/site\/en\/wp-json\/wp\/v2\/posts\/19494\/revisions\/19500"}],"wp:featuredmedia":[{"embeddable":true,"href":"https:\/\/incm.pt\/site\/en\/wp-json\/wp\/v2\/media\/19495"}],"wp:attachment":[{"href":"https:\/\/incm.pt\/site\/en\/wp-json\/wp\/v2\/media?parent=19494"}],"wp:term":[{"taxonomy":"category","embeddable":true,"href":"https:\/\/incm.pt\/site\/en\/wp-json\/wp\/v2\/categories?post=19494"},{"taxonomy":"post_tag","embeddable":true,"href":"https:\/\/incm.pt\/site\/en\/wp-json\/wp\/v2\/tags?post=19494"}],"curies":[{"name":"wp","href":"https:\/\/api.w.org\/{rel}","templated":true}]}}