{"id":18706,"date":"2023-09-21T16:45:11","date_gmt":"2023-09-21T16:45:11","guid":{"rendered":"https:\/\/incm.pt\/site\/?p=18706"},"modified":"2023-09-25T11:37:33","modified_gmt":"2023-09-25T11:37:33","slug":"incm-inaugura-serie-de-moeda-comemorativas-dedicada-aos-herois-e-criaturas-da-mitologia","status":"publish","type":"post","link":"https:\/\/incm.pt\/site\/en\/incm-inaugura-serie-de-moeda-comemorativas-dedicada-aos-herois-e-criaturas-da-mitologia\/","title":{"rendered":"INCM inaugura s\u00e9rie de moedas comemorativas dedicada aos Her\u00f3is e Criaturas da Mitologia"},"content":{"rendered":"<p>Apresent\u00e1mos, ontem, na Biblioteca da Imprensa Nacional, a moeda do Unic\u00f3rnio, com valor facial de cinco euros, que vem inaugurar a s\u00e9rie de moedas comemorativas \u00abHer\u00f3is e Criaturas da Mitologia\u00bb \u2014 que celebra personagens universais, unindo as sucessivas gera\u00e7\u00f5es.<\/p>\n<p>Esta moeda, foi desenhada pela ilustradora Susa Monteiro (1979), natural de Beja, que tem diversos livros publicados, realiza exposi\u00e7\u00f5es coletivas e em nome individual, e j\u00e1 recebeu v\u00e1rias distin\u00e7\u00f5es, tornando-a uma das novas apostas da ilustra\u00e7\u00e3o nacional. Com o seu tra\u00e7o muito pr\u00f3prio, Susa Monteiro quis mostrar com esta moeda o Unic\u00f3rnio escondido dos que querem captur\u00e1-lo, por entre os ramos de uma rom\u00e3zeira. A rom\u00e3zeira, para os antigos gregos, era considerada o fruto do Inferno. A pureza do Unic\u00f3rnio, em contraste com o fruto corrompido, torna-se, assim, ainda mais luminosa.<\/p>\n<p>Esta moeda comemorativa da s\u00e9rie \u00abHer\u00f3is e Criaturas da Mitologia\u00bb conta com tr\u00eas vers\u00f5es: cupron\u00edquel, prata e ouro com acabamento proof.<\/p>\n<p>A sess\u00e3o de apresenta\u00e7\u00e3o da moeda contou com interven\u00e7\u00f5es da diretora de marketing e canais, Rita Assis, e com as de Duarte Azinheira e Dora Moita, vogal e presidente do Conselho de Administra\u00e7\u00e3o da Imprensa Nacional-Casa da Moeda, respetivamente.<\/p>\n","protected":false},"excerpt":{"rendered":"<p>Apresent\u00e1mos, ontem, na Biblioteca da Imprensa Nacional, a moeda do Unic\u00f3rnio, com valor facial de cinco euros, que vem inaugurar a s\u00e9rie de moedas comemorativas \u00abHer\u00f3is e Criaturas da Mitologia\u00bb \u2014 que celebra personagens universais, unindo as sucessivas gera\u00e7\u00f5es. Esta moeda, foi desenhada pela ilustradora Susa Monteiro (1979), natural de Beja, que tem diversos livros [&hellip;]<\/p>\n","protected":false},"author":18,"featured_media":18707,"comment_status":"open","ping_status":"open","sticky":false,"template":"","format":"standard","meta":{"_acf_changed":false,"_et_pb_use_builder":"","_et_pb_old_content":"","_et_gb_content_width":"","footnotes":""},"categories":[20],"tags":[],"class_list":["post-18706","post","type-post","status-publish","format-standard","has-post-thumbnail","hentry","category-numismatica"],"acf":[],"_links":{"self":[{"href":"https:\/\/incm.pt\/site\/en\/wp-json\/wp\/v2\/posts\/18706","targetHints":{"allow":["GET"]}}],"collection":[{"href":"https:\/\/incm.pt\/site\/en\/wp-json\/wp\/v2\/posts"}],"about":[{"href":"https:\/\/incm.pt\/site\/en\/wp-json\/wp\/v2\/types\/post"}],"author":[{"embeddable":true,"href":"https:\/\/incm.pt\/site\/en\/wp-json\/wp\/v2\/users\/18"}],"replies":[{"embeddable":true,"href":"https:\/\/incm.pt\/site\/en\/wp-json\/wp\/v2\/comments?post=18706"}],"version-history":[{"count":2,"href":"https:\/\/incm.pt\/site\/en\/wp-json\/wp\/v2\/posts\/18706\/revisions"}],"predecessor-version":[{"id":18745,"href":"https:\/\/incm.pt\/site\/en\/wp-json\/wp\/v2\/posts\/18706\/revisions\/18745"}],"wp:featuredmedia":[{"embeddable":true,"href":"https:\/\/incm.pt\/site\/en\/wp-json\/wp\/v2\/media\/18707"}],"wp:attachment":[{"href":"https:\/\/incm.pt\/site\/en\/wp-json\/wp\/v2\/media?parent=18706"}],"wp:term":[{"taxonomy":"category","embeddable":true,"href":"https:\/\/incm.pt\/site\/en\/wp-json\/wp\/v2\/categories?post=18706"},{"taxonomy":"post_tag","embeddable":true,"href":"https:\/\/incm.pt\/site\/en\/wp-json\/wp\/v2\/tags?post=18706"}],"curies":[{"name":"wp","href":"https:\/\/api.w.org\/{rel}","templated":true}]}}